{"id":14368,"date":"2022-03-15T11:01:25","date_gmt":"2022-03-15T11:01:25","guid":{"rendered":"http:\/\/ssr.cl\/home\/?p=14368"},"modified":"2024-02-29T21:06:36","modified_gmt":"2024-02-29T21:06:36","slug":"sello-verde-ssr","status":"publish","type":"post","link":"https:\/\/ssr.cl\/home\/sello-verde-ssr\/","title":{"rendered":"Sello Verde SSR"},"content":{"rendered":"\n<p>En el proceso de certificaci\u00f3n ambiental \u201c<strong>Sello Verde\u201d,<\/strong> al cual nuestro colegio se integrar\u00e1 a partir de este a\u00f1o, nuestros profesores y profesoras de lenguaje y filosof\u00eda, nos recomiendan algunos de los libros del plan lector, para comenzar o reforzar el compromiso con el medioambiente que nos debe interpelar a todos y todas.<\/p>\n\n\n\n<p><\/p>\n\n\n\n<div class=\"wp-block-image\"><figure class=\"aligncenter size-large is-resized\"><img decoding=\"async\" src=\"https:\/\/ssr.cl\/home\/\/wp-content\/uploads\/2022\/03\/Terremtos_Volcanes.jpg\" alt=\"\" class=\"wp-image-14367\" width=\"184\" height=\"207\"\/><\/figure><\/div>\n\n\n\n<figure class=\"wp-block-table\"><table><tbody><tr><td>Todo estudiante tiene preguntas que&nbsp; desea que sean respondidas en torno al mundo que los rodea<strong>, \u201cTerremotos y Volcanes Para los m\u00e1s Curiosos<\/strong>\u201d es un libro que contiene textos informativos que abordan conocimiento cient\u00edfico entregado de manera sencilla y divertida.&nbsp; Este libro es una oportunidad no solo de adquirir saberes cient\u00edficos&nbsp; sino que adem\u00e1s es una instancia de lectura que permitir\u00e1 despertar la imaginaci\u00f3n y creatividad de los estudiantes con respecto a temas referentes al funcionamiento de nuestro planeta. Estimado estudiante, \u00a1deja que el mundo de las ciencias te encante de manera l\u00fadica! &nbsp; &nbsp;<\/td><\/tr><\/tbody><\/table><\/figure>\n\n\n\n<div class=\"wp-block-image\"><figure class=\"aligncenter size-large is-resized\"><img decoding=\"async\" src=\"https:\/\/ssr.cl\/home\/\/wp-content\/uploads\/2022\/03\/bas_cero.jpg\" alt=\"\" class=\"wp-image-14362\" width=\"148\" height=\"179\"\/><\/figure><\/div>\n\n\n\n<figure class=\"wp-block-table\"><table><tbody><tr><td>Fernanda Piedra, autora de <strong>\u201cBasura Cero\u201d,<\/strong> nos invita desde la portada de su libro a buscar estrategias para decirle adi\u00f3s a la basura y vivir en equilibrio con nuestro planeta.&nbsp; A lo largo de sus p\u00e1ginas, encontramos informaci\u00f3n relevante&nbsp; sobre el origen de la basura, el destino de nuestros residuos y las consecuencias que tienen sobre nuestro planeta. Buenas noticias: se pueden dejar atr\u00e1s malas pr\u00e1cticas ambientales y este texto es una gu\u00eda para ello. Cuidar nuestro planeta, es cuidar nuestro hogar&nbsp; y no hay tiempo que perder. Les adelantamos que tendremos la oportunidad \u00fanica y extraordinaria de compartir un encuentro de conversaci\u00f3n y reflexi\u00f3n junto a esta gran autora durante el segundo semestre. &nbsp; <strong>&nbsp;<\/strong> <strong>Paula Aguilera M.<\/strong> &nbsp;<\/td><\/tr><\/tbody><\/table><\/figure>\n\n\n\n<div class=\"wp-block-image\"><figure class=\"aligncenter size-large is-resized\"><img decoding=\"async\" src=\"https:\/\/ssr.cl\/home\/\/wp-content\/uploads\/2022\/03\/buton-643x1024.jpg\" alt=\"\" class=\"wp-image-14363\" width=\"139\" height=\"221\"\/><\/figure><\/div>\n\n\n\n<figure class=\"wp-block-table\"><table><tbody><tr><td>La novela <strong>\u201cSoy Jemmy Button el salvaje\u201d<\/strong> de Francisco Herv\u00e9 nos presenta la vida de Orundellico, un ind\u00edgena de la Tierra del&nbsp; Fuego que fue llevado a Inglaterra por el Capit\u00e1n Fitz Roy en 1830 para educarlo bajo las normas de la cultura anglicana. El plan que ten\u00edan para el ahora llamado Jemmy Button, su nombre ingl\u00e9s, ten\u00eda por norte civilizarlo para que luego \u00e9l hiciera lo mismo con sus compatriotas una vez que los colonos volvieran a tierra fueguina. Tras su estad\u00eda de dos&nbsp; a\u00f1os en Inglaterra regresa a su tierra natal, esta vez junto por Charles Darwin que se sum\u00f3 a la tripulaci\u00f3n, sin embargo, el plan no ocurre como se hab\u00eda pensado. La novela nos hace reflexionar sobre el proceso de colonizaci\u00f3n desplegado en Am\u00e9rica Latina y las repercusiones que esta tuvo en las culturas \u201cdescubiertas\u201d por el hombre blanco. As\u00ed mismo, la obra pone en perspectiva dos visiones de mundo: la europea-civilizada y la americana-ind\u00edgena, permiti\u00e9ndonos discutir acerca de los valores adquiridos y perdidos en el proceso, as\u00ed como la relaci\u00f3n que manten\u00edamos y ahora poseemos con la naturaleza. <strong>Gabriel Serrano M.<\/strong> &nbsp;<\/td><\/tr><\/tbody><\/table><\/figure>\n\n\n\n<div class=\"wp-block-image\"><figure class=\"aligncenter size-large is-resized\"><img loading=\"lazy\" decoding=\"async\" src=\"https:\/\/ssr.cl\/home\/\/wp-content\/uploads\/2022\/03\/oscuro-512x1024.jpg\" alt=\"\" class=\"wp-image-14366\" width=\"107\" height=\"214\"\/><\/figure><\/div>\n\n\n\n<figure class=\"wp-block-table\"><table><tbody><tr><td>&nbsp; &nbsp; Tom\u00e1s Mouli\u00e1n en libro <strong>\u201cEl consumo me consume\u201d<\/strong> de 1998,&nbsp; plantea una visi\u00f3n cr\u00edtica del consumismo. En \u00e9l su autor propone que este fen\u00f3meno debe ser moralmente cuestionado, porque hace que las personas se esclavicen y agobien a causa de perseguir el placer que ofrecen los bienes de consumo. A tal nivel&nbsp; llega la fragmentaci\u00f3n del ser, que las personas&nbsp; terminan olvid\u00e1ndose o apart\u00e1ndose de otros objetivos de vida \u201csuperiores\u201d. Seg\u00fan el autor, el consumismo es producto del modelo neoliberal imperante en nuestra sociedad. Una obra muy f\u00e1cil de leer y recomendable para el lector que quiera profundizar las dimensiones del modelo econ\u00f3mico y pol\u00edtico que hemos vivido en estos \u00faltimos treinta a\u00f1os. <strong>&nbsp;&nbsp;&nbsp;&nbsp;&nbsp;&nbsp;&nbsp;&nbsp;&nbsp;&nbsp;&nbsp;&nbsp;&nbsp;&nbsp;&nbsp;&nbsp;&nbsp;&nbsp;&nbsp;&nbsp;&nbsp;&nbsp;&nbsp;&nbsp;&nbsp;&nbsp;&nbsp;&nbsp;&nbsp;&nbsp;&nbsp;&nbsp;&nbsp;&nbsp;&nbsp;&nbsp;&nbsp;&nbsp;&nbsp;&nbsp;&nbsp;&nbsp;&nbsp;&nbsp;&nbsp;&nbsp;&nbsp;&nbsp;&nbsp;&nbsp;&nbsp;&nbsp;&nbsp;&nbsp;&nbsp;&nbsp;&nbsp;&nbsp;&nbsp;&nbsp;&nbsp;&nbsp;&nbsp;&nbsp; &nbsp;&nbsp;&nbsp;&nbsp;&nbsp;&nbsp;&nbsp;&nbsp;&nbsp;&nbsp;&nbsp;&nbsp;&nbsp;&nbsp;&nbsp;&nbsp;&nbsp;&nbsp;&nbsp;&nbsp;&nbsp;&nbsp;&nbsp;&nbsp;&nbsp;&nbsp;&nbsp;&nbsp;&nbsp;&nbsp;&nbsp;&nbsp;&nbsp;&nbsp;&nbsp;&nbsp;&nbsp;&nbsp;&nbsp;&nbsp;&nbsp;&nbsp;&nbsp;&nbsp;&nbsp;&nbsp;&nbsp;&nbsp;&nbsp;&nbsp;&nbsp;&nbsp;&nbsp;&nbsp;&nbsp;&nbsp;&nbsp;&nbsp;&nbsp;&nbsp;&nbsp;&nbsp;&nbsp;&nbsp;&nbsp;&nbsp;&nbsp;&nbsp;&nbsp;&nbsp;&nbsp;&nbsp;Cecilia Caviedes V.<\/strong> &nbsp;<\/td><\/tr><\/tbody><\/table><\/figure>\n\n\n\n<div class=\"wp-block-image\"><figure class=\"aligncenter size-large is-resized\"><img loading=\"lazy\" decoding=\"async\" src=\"https:\/\/ssr.cl\/home\/\/wp-content\/uploads\/2022\/03\/Eco_y_poliitica.jpg\" alt=\"\" class=\"wp-image-14364\" width=\"112\" height=\"189\"\/><\/figure><\/div>\n\n\n\n<figure class=\"wp-block-table\"><table><tbody><tr><td>&nbsp; <strong>Sara Larra\u00edn<\/strong>, destacada ambientalista chilena, reconocida como \u201cfilosofa de la naturaleza\u201d nos comparte en su ensayo <strong>\u201cEcolog\u00eda y Pol\u00edtica\u201d<\/strong> las ense\u00f1anzas que recibi\u00f3 de las hermanas Quintreman, ellas como parte de la comunidad mapuche, le compartieron por ejemplo, que pertenecemos a la tierra y que los elementos de la naturaleza son sagrados. Para los pueblos originarios la naturaleza no es un recurso y las iniciativas para el desarrollo no se realizan en contra de la naturaleza si no respetando sus coherencias y armon\u00eda. En su escrito nos invita a comprender la ecolog\u00eda profunda que se enfrenta al paradigma materialista, tecnocr\u00e1tico y mecanicista. Tambi\u00e9n nos comparte la expresi\u00f3n del Papa Francisco de la enc\u00edclica <em>Laudato Si&nbsp; Sobre el cuidado de la casa com\u00fan, <\/em>es decir nuestro planeta.&nbsp; Queridos estudiantes, quedan cordialmente invitados a esta vista panor\u00e1mica del pensamiento medioambiental. <strong>Claudia Mart\u00ednez N<\/strong> &nbsp;<\/td><\/tr><\/tbody><\/table><\/figure>\n\n\n\n<div class=\"wp-block-image\"><figure class=\"aligncenter size-large is-resized\"><img loading=\"lazy\" decoding=\"async\" src=\"https:\/\/ssr.cl\/home\/\/wp-content\/uploads\/2022\/03\/Las_chicas.jpg\" alt=\"\" class=\"wp-image-14365\" width=\"133\" height=\"136\"\/><\/figure><\/div>\n\n\n\n<figure class=\"wp-block-table\"><table><tbody><tr><td><strong><em>Las chicas son de ciencias. 25 cient\u00edficas que cambiaron el mundo<\/em><\/strong><em> <\/em>(Editorial Montena, 2018), escrito por <strong>Irene C\u00edvico<\/strong> y <strong>Sergio Parra<\/strong> e ilustrado por <strong>Nuria Aparicio<\/strong>, es un libro esencial a la hora de revindicar los descubrimientos cient\u00edficos que han aportado diversas mujeres para el sano desarrollo de nuestro planeta y sociedad. Con un recorrido que va desde la antigua Grecia hasta el siglo XX, la obra logra rescatar del olvido a Agondice (la primera m\u00e9dica que tuvo que disfrazarse de hombre), Caroline Lucretia Herschel (descubridora de Urano), Maryam Mirzakhani (ganadora de la Medalla Fields), entre otras. Sin duda, una lectura indispensable en el mes de la mujer, que te permitir\u00e1 no s\u00f3lo aprender algo nuevo, sino que reafirmar que las mujeres son capaces de todo eso y m\u00e1s. <strong>Melanie Fl\u00e1ndez<\/strong> <strong>&nbsp;<\/strong><\/td><\/tr><\/tbody><\/table><\/figure>\n","protected":false},"excerpt":{"rendered":"<p>En el proceso de certificaci\u00f3n ambiental \u201cSello Verde\u201d, al cual nuestro colegio se integrar\u00e1 a partir de este a\u00f1o, nuestros profesores y profesoras de lenguaje y filosof\u00eda, nos recomiendan algunos de los libros del plan lector, para comenzar o reforzar el compromiso con el medioambiente que nos debe interpelar a todos y todas. Todo estudiante [&hellip;]<\/p>\n","protected":false},"author":4,"featured_media":0,"comment_status":"closed","ping_status":"closed","sticky":false,"template":"","format":"standard","meta":{"footnotes":""},"categories":[73],"tags":[],"class_list":["post-14368","post","type-post","status-publish","format-standard","hentry","category-educacion-ambiental"],"_links":{"self":[{"href":"https:\/\/ssr.cl\/home\/wp-json\/wp\/v2\/posts\/14368","targetHints":{"allow":["GET"]}}],"collection":[{"href":"https:\/\/ssr.cl\/home\/wp-json\/wp\/v2\/posts"}],"about":[{"href":"https:\/\/ssr.cl\/home\/wp-json\/wp\/v2\/types\/post"}],"author":[{"embeddable":true,"href":"https:\/\/ssr.cl\/home\/wp-json\/wp\/v2\/users\/4"}],"replies":[{"embeddable":true,"href":"https:\/\/ssr.cl\/home\/wp-json\/wp\/v2\/comments?post=14368"}],"version-history":[{"count":1,"href":"https:\/\/ssr.cl\/home\/wp-json\/wp\/v2\/posts\/14368\/revisions"}],"predecessor-version":[{"id":23978,"href":"https:\/\/ssr.cl\/home\/wp-json\/wp\/v2\/posts\/14368\/revisions\/23978"}],"wp:attachment":[{"href":"https:\/\/ssr.cl\/home\/wp-json\/wp\/v2\/media?parent=14368"}],"wp:term":[{"taxonomy":"category","embeddable":true,"href":"https:\/\/ssr.cl\/home\/wp-json\/wp\/v2\/categories?post=14368"},{"taxonomy":"post_tag","embeddable":true,"href":"https:\/\/ssr.cl\/home\/wp-json\/wp\/v2\/tags?post=14368"}],"curies":[{"name":"wp","href":"https:\/\/api.w.org\/{rel}","templated":true}]}}