{"id":18739,"date":"2023-03-29T10:48:27","date_gmt":"2023-03-29T13:48:27","guid":{"rendered":"https:\/\/ssr.cl\/home\/?p=18739"},"modified":"2024-02-29T20:55:45","modified_gmt":"2024-02-29T20:55:45","slug":"comienza-semana-santa-con-jornada-de-reflexion-para-funcionarios-y-profesores-ssr","status":"publish","type":"post","link":"https:\/\/ssr.cl\/home\/comienza-semana-santa-con-jornada-de-reflexion-para-funcionarios-y-profesores-ssr\/","title":{"rendered":"Comienza Semana Santa con jornada de reflexi\u00f3n para funcionarios y profesores SSR"},"content":{"rendered":"\n<p>Con el fin de compartir nuestra vida de fe en comunidad y disponer nuestro interior para vivir la fiesta lit\u00fargica m\u00e1s importante del a\u00f1o, ayer en ambas sedes el equipo de Pastoral desarroll\u00f3 una jornada de reflexi\u00f3n dirigida al personal administrativo y cuerpo docente.<\/p>\n\n\n\n<p>La actividad tuvo dos momentos, en el primero, un trabajo personal, donde los asistentes reflexionaron en torno a qu\u00e9 entend\u00eda cada uno por fe y c\u00f3mo \u00e9sta se manifiesta en la vida. Luego, en grupos, se leyeron las respuestas y se compartieron experiencias, visiones y posturas frente al tema.<\/p>\n\n\n\n<p>En un segundo momento se trabaj\u00f3 con la figura de distintos personajes b\u00edblicos: Marta, Magdalena, Zaqueo, Pedro, el Joven rico, la Samaritana, por nombrar algunos, estructurada de manera l\u00fadica, como curr\u00edculum vitae. Cada integrante deb\u00eda escoger uno  y compartir con sus pares por qu\u00e9 esa figura le llamaba la atenci\u00f3n, se identificaba, resonaba en su interior. Luego, recogiendo los elementos principales, se elabor\u00f3 una oraci\u00f3n grupal que fue compartida en plenario al finalizar la jornada.<\/p>\n\n\n\n<p>La actividad se desarroll\u00f3 en un espacio muy acogedor, c\u00e1lido, cuidado, que fue valorado por sus participantes. Agradecemos al equipo de Pastoral por este hermoso regalo que sin lugar a dudas permiti\u00f3 a sus integrantes conectar con esta fiesta lit\u00fargica que marcar\u00e1 los pr\u00f3ximos d\u00edas.<\/p>\n\n\n\n<figure class=\"wp-block-gallery has-nested-images columns-default is-cropped wp-block-gallery-1 is-layout-flex wp-block-gallery-is-layout-flex\">\n<figure class=\"wp-block-image size-medium\"><img decoding=\"async\" data-id=\"18745\" src=\"https:\/\/ssr.cl\/home\/wp-content\/uploads\/2023\/03\/20230328_173251-1024x597.jpg\" alt=\"\" class=\"wp-image-18745\"\/><\/figure>\n\n\n\n<figure class=\"wp-block-image size-medium\"><img decoding=\"async\" data-id=\"18740\" src=\"https:\/\/ssr.cl\/home\/wp-content\/uploads\/2023\/03\/20230328_173305-300x231.jpg\" alt=\"\" class=\"wp-image-18740\"\/><\/figure>\n\n\n\n<figure class=\"wp-block-image size-medium\"><img decoding=\"async\" data-id=\"18743\" src=\"https:\/\/ssr.cl\/home\/wp-content\/uploads\/2023\/03\/20230328_174410-1024x530.jpg\" alt=\"\" class=\"wp-image-18743\"\/><\/figure>\n\n\n\n<figure class=\"wp-block-image size-medium\"><img decoding=\"async\" data-id=\"18742\" src=\"https:\/\/ssr.cl\/home\/wp-content\/uploads\/2023\/03\/20230328_174450-1024x543.jpg\" alt=\"\" class=\"wp-image-18742\"\/><\/figure>\n\n\n\n<figure class=\"wp-block-image size-medium\"><img decoding=\"async\" data-id=\"18741\" src=\"https:\/\/ssr.cl\/home\/wp-content\/uploads\/2023\/03\/20230328_174503-1024x512.jpg\" alt=\"\" class=\"wp-image-18741\"\/><\/figure>\n\n\n\n<figure class=\"wp-block-image size-medium\"><img decoding=\"async\" data-id=\"18747\" src=\"https:\/\/ssr.cl\/home\/wp-content\/uploads\/2023\/03\/20230328_174506-1024x517.jpg\" alt=\"\" class=\"wp-image-18747\"\/><\/figure>\n\n\n\n<figure class=\"wp-block-image size-medium\"><img decoding=\"async\" data-id=\"18746\" src=\"https:\/\/ssr.cl\/home\/wp-content\/uploads\/2023\/03\/20230328_174534-1024x555.jpg\" alt=\"\" class=\"wp-image-18746\"\/><\/figure>\n\n\n\n<figure class=\"wp-block-image size-medium\"><img decoding=\"async\" data-id=\"18748\" src=\"https:\/\/ssr.cl\/home\/wp-content\/uploads\/2023\/03\/20230328_174554-1024x484.jpg\" alt=\"\" class=\"wp-image-18748\"\/><\/figure>\n\n\n\n<figure class=\"wp-block-image size-medium\"><img decoding=\"async\" data-id=\"18744\" src=\"https:\/\/ssr.cl\/home\/wp-content\/uploads\/2023\/03\/20230328_174954-522x1024.jpg\" alt=\"\" class=\"wp-image-18744\"\/><\/figure>\n<\/figure>\n\n\n\n<figure class=\"wp-block-gallery has-nested-images columns-default is-cropped wp-block-gallery-2 is-layout-flex wp-block-gallery-is-layout-flex\">\n<figure class=\"wp-block-image size-large\"><img decoding=\"async\" data-id=\"18771\" src=\"https:\/\/ssr.cl\/home\/wp-content\/uploads\/2023\/03\/val-leti-pp-Image-2023-03-29-at-12.06.30-1024x768.jpeg\" alt=\"\" class=\"wp-image-18771\"\/><\/figure>\n\n\n\n<figure class=\"wp-block-image\"><img decoding=\"async\" src=\"blob:https:\/\/ssr.cl\/1a09d87c-42fa-4699-b233-f9721b836841\" alt=\"\"\/><\/figure>\n\n\n\n\n\n<figure class=\"wp-block-image\"><img decoding=\"async\" src=\"blob:https:\/\/ssr.cl\/65996543-d587-4792-9ea7-67c79648a3fb\" alt=\"\"\/><\/figure>\n\n\n\n<figure class=\"wp-block-image\"><img decoding=\"async\" src=\"blob:https:\/\/ssr.cl\/c4c01e57-5d3d-4b62-a66a-1e3bb3971cab\" alt=\"\"\/><\/figure>\n\n\n\n<figure class=\"wp-block-image\"><img decoding=\"async\" src=\"blob:https:\/\/ssr.cl\/4ba31bba-39d8-452c-beb2-c705c8d07f02\" alt=\"\"\/><\/figure>\n\n\n\n<figure class=\"wp-block-image\"><img decoding=\"async\" src=\"blob:https:\/\/ssr.cl\/2af7d572-b172-44b1-afac-40f4b6d3cea5\" alt=\"\"\/><\/figure>\n\n\n\n<figure class=\"wp-block-image\"><img decoding=\"async\" src=\"blob:https:\/\/ssr.cl\/91ccada6-f525-4b59-9429-3391719637c7\" alt=\"\"\/><\/figure>\n\n\n\n<figure class=\"wp-block-image\"><img decoding=\"async\" src=\"blob:https:\/\/ssr.cl\/65009bf0-b780-4b17-b808-fd8abb7185a2\" alt=\"\"\/><\/figure>\n\n\n\n<figure class=\"wp-block-image\"><img decoding=\"async\" src=\"blob:https:\/\/ssr.cl\/2139a859-7586-4c84-8443-cd16c75d026b\" alt=\"\"\/><\/figure>\n\n\n\n<figure class=\"wp-block-image size-large\"><img decoding=\"async\" data-id=\"18772\" src=\"https:\/\/ssr.cl\/home\/wp-content\/uploads\/2023\/03\/Val-grupo-1024x768.jpeg\" alt=\"\" class=\"wp-image-18772\"\/><\/figure>\n\n\n\n<figure class=\"wp-block-image size-large\"><img decoding=\"async\" data-id=\"18773\" src=\"https:\/\/ssr.cl\/home\/wp-content\/uploads\/2023\/03\/Val-Loreto-p-Image-2023-03-29-at-12.06.30-1024x768.jpeg\" alt=\"\" class=\"wp-image-18773\"\/><\/figure>\n<\/figure>\n","protected":false},"excerpt":{"rendered":"<p>Con el fin de compartir nuestra vida de fe en comunidad y disponer nuestro interior para vivir la fiesta lit\u00fargica m\u00e1s importante del a\u00f1o, ayer en ambas sedes el equipo de Pastoral desarroll\u00f3 una jornada de reflexi\u00f3n dirigida al personal administrativo y cuerpo docente. La actividad tuvo dos momentos, en el primero, un trabajo personal, [&hellip;]<\/p>\n","protected":false},"author":4,"featured_media":0,"comment_status":"closed","ping_status":"closed","sticky":false,"template":"","format":"standard","meta":{"footnotes":""},"categories":[53,52,54],"tags":[],"class_list":["post-18739","post","type-post","status-publish","format-standard","hentry","category-celebracion","category-pastoral","category-semana-santa"],"_links":{"self":[{"href":"https:\/\/ssr.cl\/home\/wp-json\/wp\/v2\/posts\/18739","targetHints":{"allow":["GET"]}}],"collection":[{"href":"https:\/\/ssr.cl\/home\/wp-json\/wp\/v2\/posts"}],"about":[{"href":"https:\/\/ssr.cl\/home\/wp-json\/wp\/v2\/types\/post"}],"author":[{"embeddable":true,"href":"https:\/\/ssr.cl\/home\/wp-json\/wp\/v2\/users\/4"}],"replies":[{"embeddable":true,"href":"https:\/\/ssr.cl\/home\/wp-json\/wp\/v2\/comments?post=18739"}],"version-history":[{"count":1,"href":"https:\/\/ssr.cl\/home\/wp-json\/wp\/v2\/posts\/18739\/revisions"}],"predecessor-version":[{"id":23950,"href":"https:\/\/ssr.cl\/home\/wp-json\/wp\/v2\/posts\/18739\/revisions\/23950"}],"wp:attachment":[{"href":"https:\/\/ssr.cl\/home\/wp-json\/wp\/v2\/media?parent=18739"}],"wp:term":[{"taxonomy":"category","embeddable":true,"href":"https:\/\/ssr.cl\/home\/wp-json\/wp\/v2\/categories?post=18739"},{"taxonomy":"post_tag","embeddable":true,"href":"https:\/\/ssr.cl\/home\/wp-json\/wp\/v2\/tags?post=18739"}],"curies":[{"name":"wp","href":"https:\/\/api.w.org\/{rel}","templated":true}]}}