{"id":18940,"date":"2023-04-05T10:25:06","date_gmt":"2023-04-05T14:25:06","guid":{"rendered":"https:\/\/ssr.cl\/home\/?p=18940"},"modified":"2024-02-29T20:54:52","modified_gmt":"2024-02-29T20:54:52","slug":"18940-2","status":"publish","type":"post","link":"https:\/\/ssr.cl\/home\/18940-2\/","title":{"rendered":"Destacado Historiador e Investigador visita MSV"},"content":{"rendered":"\n<p>El Museo Seminario Valpara\u00edso (MSV) hace unas semanas recibi\u00f3 la visita del Doctor en Historia e investigador de los pueblos fueguinos y mapuches, Christian B\u00e1ez. La visita se enmarc\u00f3 dentro de un trabajo conjunto que realiza la Directora T\u00e9cnica del Museo, Natalie Recabarren, con B\u00e1ez y en encargado de gesti\u00f3n del espacio cultural \u201cLa Compa\u00f1\u00eda\u201d, Andr\u00e9s Celis, quienes se encuentran elaborando un documental sobre estos pueblos originarios.<\/p>\n\n\n\n<p>A partir de ello, Christi\u00e1n B\u00e1ez pudo conocer las colecciones de las poblaciones ind\u00edgenas del extremo sur y orientar respecto del contexto hist\u00f3rico en el cual llegaron a ser parte del Museo. Cabe precisar que Mariano Casanova, primer Rector de nuestro Colegio y fundador de la Universidad Cat\u00f3lica de Santiago, fue uno de los impulsores de las misiones Salesianas en Tierra del Fuego. Una de las l\u00edneas investigativas plantea la teor\u00eda de que estas colecciones pudieron haber llegado efectivamente desde las misiones.<\/p>\n\n\n\n<p>A modo general, las colecciones etnogr\u00e1ficas que posee el (MSV) fueron concebidas como una muestra de los pueblos originarios de Chile, ya que hacen un recorrido desde el norte (recientemente incorporado al territorio tras la guerra del pac\u00edfico 1879) hasta tierra del fuego pasando por Isla de Pascua. En la actualidad se encuentran en investigaci\u00f3n con valiosos aportes de la arque\u00f3loga Gabriela Carmona.<\/p>\n\n\n\n<p>Fuente: Natalie Recabarren, Directora T\u00e9cnica del Museo Seminario Valpara\u00edso<\/p>\n\n\n\n<figure class=\"wp-block-gallery has-nested-images columns-default is-cropped wp-block-gallery-1 is-layout-flex wp-block-gallery-is-layout-flex\">\n<figure class=\"wp-block-image size-large\"><img fetchpriority=\"high\" decoding=\"async\" width=\"768\" height=\"1024\" data-id=\"18941\" src=\"https:\/\/ssr.cl\/home\/wp-content\/uploads\/2023\/04\/Museo-1-pre-768x1024.jpeg\" alt=\"\" class=\"wp-image-18941\" srcset=\"https:\/\/ssr.cl\/home\/wp-content\/uploads\/2023\/04\/Museo-1-pre-768x1024.jpeg 768w, https:\/\/ssr.cl\/home\/wp-content\/uploads\/2023\/04\/Museo-1-pre-225x300.jpeg 225w, https:\/\/ssr.cl\/home\/wp-content\/uploads\/2023\/04\/Museo-1-pre.jpeg 864w\" sizes=\"(max-width: 768px) 100vw, 768px\" \/><\/figure>\n\n\n\n<figure class=\"wp-block-image size-large\"><img decoding=\"async\" width=\"768\" height=\"1024\" data-id=\"18942\" src=\"https:\/\/ssr.cl\/home\/wp-content\/uploads\/2023\/04\/Museo-2-pre-768x1024.jpeg\" alt=\"\" class=\"wp-image-18942\" srcset=\"https:\/\/ssr.cl\/home\/wp-content\/uploads\/2023\/04\/Museo-2-pre-768x1024.jpeg 768w, https:\/\/ssr.cl\/home\/wp-content\/uploads\/2023\/04\/Museo-2-pre-225x300.jpeg 225w, https:\/\/ssr.cl\/home\/wp-content\/uploads\/2023\/04\/Museo-2-pre.jpeg 864w\" sizes=\"(max-width: 768px) 100vw, 768px\" \/><\/figure>\n\n\n\n<figure class=\"wp-block-image size-large\"><img decoding=\"async\" width=\"768\" height=\"1024\" data-id=\"18946\" src=\"https:\/\/ssr.cl\/home\/wp-content\/uploads\/2023\/04\/Museo-3-pre-768x1024.jpeg\" alt=\"\" class=\"wp-image-18946\" srcset=\"https:\/\/ssr.cl\/home\/wp-content\/uploads\/2023\/04\/Museo-3-pre-768x1024.jpeg 768w, https:\/\/ssr.cl\/home\/wp-content\/uploads\/2023\/04\/Museo-3-pre-225x300.jpeg 225w, https:\/\/ssr.cl\/home\/wp-content\/uploads\/2023\/04\/Museo-3-pre.jpeg 864w\" sizes=\"(max-width: 768px) 100vw, 768px\" \/><\/figure>\n\n\n\n<figure class=\"wp-block-image size-large\"><img loading=\"lazy\" decoding=\"async\" width=\"768\" height=\"1024\" data-id=\"18943\" src=\"https:\/\/ssr.cl\/home\/wp-content\/uploads\/2023\/04\/Museo-4-pre-768x1024.jpeg\" alt=\"\" class=\"wp-image-18943\" srcset=\"https:\/\/ssr.cl\/home\/wp-content\/uploads\/2023\/04\/Museo-4-pre-768x1024.jpeg 768w, https:\/\/ssr.cl\/home\/wp-content\/uploads\/2023\/04\/Museo-4-pre-225x300.jpeg 225w, https:\/\/ssr.cl\/home\/wp-content\/uploads\/2023\/04\/Museo-4-pre.jpeg 864w\" sizes=\"(max-width: 768px) 100vw, 768px\" \/><\/figure>\n\n\n\n<figure class=\"wp-block-image size-large\"><img decoding=\"async\" data-id=\"18945\" src=\"https:\/\/ssr.cl\/home\/wp-content\/uploads\/2023\/04\/Museo-5-pre-1024x768.jpeg\" alt=\"\" class=\"wp-image-18945\"\/><\/figure>\n\n\n\n<figure class=\"wp-block-image size-large\"><img loading=\"lazy\" decoding=\"async\" width=\"768\" height=\"1024\" data-id=\"18944\" src=\"https:\/\/ssr.cl\/home\/wp-content\/uploads\/2023\/04\/Museo-6-pre-768x1024.jpeg\" alt=\"\" class=\"wp-image-18944\" srcset=\"https:\/\/ssr.cl\/home\/wp-content\/uploads\/2023\/04\/Museo-6-pre-768x1024.jpeg 768w, https:\/\/ssr.cl\/home\/wp-content\/uploads\/2023\/04\/Museo-6-pre-225x300.jpeg 225w, https:\/\/ssr.cl\/home\/wp-content\/uploads\/2023\/04\/Museo-6-pre.jpeg 864w\" sizes=\"(max-width: 768px) 100vw, 768px\" \/><\/figure>\n\n\n\n<figure class=\"wp-block-image size-large\"><img loading=\"lazy\" decoding=\"async\" width=\"768\" height=\"1024\" data-id=\"18947\" src=\"https:\/\/ssr.cl\/home\/wp-content\/uploads\/2023\/04\/museo-7-pre-768x1024.jpeg\" alt=\"\" class=\"wp-image-18947\" srcset=\"https:\/\/ssr.cl\/home\/wp-content\/uploads\/2023\/04\/museo-7-pre-768x1024.jpeg 768w, https:\/\/ssr.cl\/home\/wp-content\/uploads\/2023\/04\/museo-7-pre-225x300.jpeg 225w, https:\/\/ssr.cl\/home\/wp-content\/uploads\/2023\/04\/museo-7-pre.jpeg 864w\" sizes=\"(max-width: 768px) 100vw, 768px\" \/><\/figure>\n<\/figure>\n","protected":false},"excerpt":{"rendered":"<p>El Museo Seminario Valpara\u00edso (MSV) hace unas semanas recibi\u00f3 la visita del Doctor en Historia e investigador de los pueblos fueguinos y mapuches, Christian B\u00e1ez. La visita se enmarc\u00f3 dentro de un trabajo conjunto que realiza la Directora T\u00e9cnica del Museo, Natalie Recabarren, con B\u00e1ez y en encargado de gesti\u00f3n del espacio cultural \u201cLa Compa\u00f1\u00eda\u201d, [&hellip;]<\/p>\n","protected":false},"author":4,"featured_media":18943,"comment_status":"closed","ping_status":"closed","sticky":false,"template":"","format":"standard","meta":{"footnotes":""},"categories":[71],"tags":[],"class_list":["post-18940","post","type-post","status-publish","format-standard","has-post-thumbnail","hentry","category-museo"],"_links":{"self":[{"href":"https:\/\/ssr.cl\/home\/wp-json\/wp\/v2\/posts\/18940","targetHints":{"allow":["GET"]}}],"collection":[{"href":"https:\/\/ssr.cl\/home\/wp-json\/wp\/v2\/posts"}],"about":[{"href":"https:\/\/ssr.cl\/home\/wp-json\/wp\/v2\/types\/post"}],"author":[{"embeddable":true,"href":"https:\/\/ssr.cl\/home\/wp-json\/wp\/v2\/users\/4"}],"replies":[{"embeddable":true,"href":"https:\/\/ssr.cl\/home\/wp-json\/wp\/v2\/comments?post=18940"}],"version-history":[{"count":1,"href":"https:\/\/ssr.cl\/home\/wp-json\/wp\/v2\/posts\/18940\/revisions"}],"predecessor-version":[{"id":23948,"href":"https:\/\/ssr.cl\/home\/wp-json\/wp\/v2\/posts\/18940\/revisions\/23948"}],"wp:featuredmedia":[{"embeddable":true,"href":"https:\/\/ssr.cl\/home\/wp-json\/wp\/v2\/media\/18943"}],"wp:attachment":[{"href":"https:\/\/ssr.cl\/home\/wp-json\/wp\/v2\/media?parent=18940"}],"wp:term":[{"taxonomy":"category","embeddable":true,"href":"https:\/\/ssr.cl\/home\/wp-json\/wp\/v2\/categories?post=18940"},{"taxonomy":"post_tag","embeddable":true,"href":"https:\/\/ssr.cl\/home\/wp-json\/wp\/v2\/tags?post=18940"}],"curies":[{"name":"wp","href":"https:\/\/api.w.org\/{rel}","templated":true}]}}