{"id":20018,"date":"2023-05-26T16:23:24","date_gmt":"2023-05-26T20:23:24","guid":{"rendered":"https:\/\/ssr.cl\/home\/?p=20018"},"modified":"2024-02-29T20:44:51","modified_gmt":"2024-02-29T20:44:51","slug":"jovenes-celebran-pentecostes-en-vina-del-mar","status":"publish","type":"post","link":"https:\/\/ssr.cl\/home\/jovenes-celebran-pentecostes-en-vina-del-mar\/","title":{"rendered":"J\u00f3venes celebran Pentecost\u00e9s en Vi\u00f1a del Mar"},"content":{"rendered":"\n<p>Hoy en la sede de Vi\u00f1a l@s estudiantes de 5\u00b0 B\u00e1sico a IV\u00b0 Medio, junto a sus profesores, celebraron Pentecost\u00e9s, la venida del Esp\u00edritu Santo como regalo del amor de Dios que se hace presente en nuestras vidas. <\/p>\n\n\n\n<p>Bailes, cantos, un espacio de encuentro lleno de alegr\u00eda que nos invit\u00f3 a sentirnos parte de la construcci\u00f3n de una Iglesia viva, alegre y esperanzadora. Esp\u00edritu que es fruto de la Pascua, que est\u00e1 presente desde el nacimiento de la Iglesia y que siempre estar\u00e1 entre nosotros, inspirando nuestra vida, renovando nuestro interior e impuls\u00e1ndonos a ser testigos del amor de Dios.<\/p>\n\n\n\n<figure class=\"wp-block-gallery has-nested-images columns-default is-cropped wp-block-gallery-1 is-layout-flex wp-block-gallery-is-layout-flex\">\n<figure class=\"wp-block-image size-large\"><img decoding=\"async\" data-id=\"20026\" src=\"https:\/\/ssr.cl\/home\/wp-content\/uploads\/2023\/05\/1-9-1024x766.jpg\" alt=\"\" class=\"wp-image-20026\"\/><\/figure>\n\n\n\n<figure class=\"wp-block-image size-large\"><img decoding=\"async\" data-id=\"20022\" src=\"https:\/\/ssr.cl\/home\/wp-content\/uploads\/2023\/05\/3-10-768x1024.jpg\" alt=\"\" class=\"wp-image-20022\"\/><\/figure>\n\n\n\n<figure class=\"wp-block-image size-large\"><img decoding=\"async\" data-id=\"20029\" src=\"https:\/\/ssr.cl\/home\/wp-content\/uploads\/2023\/05\/4-9-768x1024.jpg\" alt=\"\" class=\"wp-image-20029\"\/><\/figure>\n\n\n\n<figure class=\"wp-block-image size-large\"><img decoding=\"async\" data-id=\"20025\" src=\"https:\/\/ssr.cl\/home\/wp-content\/uploads\/2023\/05\/5-6-1024x766.jpg\" alt=\"\" class=\"wp-image-20025\"\/><\/figure>\n\n\n\n<figure class=\"wp-block-image size-large\"><img decoding=\"async\" data-id=\"20024\" src=\"https:\/\/ssr.cl\/home\/wp-content\/uploads\/2023\/05\/6-7-1024x766.jpg\" alt=\"\" class=\"wp-image-20024\"\/><\/figure>\n\n\n\n<figure class=\"wp-block-image size-large\"><img decoding=\"async\" data-id=\"20028\" src=\"https:\/\/ssr.cl\/home\/wp-content\/uploads\/2023\/05\/7-6-1024x768.jpg\" alt=\"\" class=\"wp-image-20028\"\/><\/figure>\n\n\n\n<figure class=\"wp-block-image size-large\"><img decoding=\"async\" data-id=\"20020\" src=\"https:\/\/ssr.cl\/home\/wp-content\/uploads\/2023\/05\/8-3-1024x766.jpg\" alt=\"\" class=\"wp-image-20020\"\/><\/figure>\n\n\n\n<figure class=\"wp-block-image size-large\"><img decoding=\"async\" data-id=\"20027\" src=\"https:\/\/ssr.cl\/home\/wp-content\/uploads\/2023\/05\/9-7-768x1024.jpg\" alt=\"\" class=\"wp-image-20027\"\/><\/figure>\n\n\n\n<figure class=\"wp-block-image size-large\"><img decoding=\"async\" data-id=\"20021\" src=\"https:\/\/ssr.cl\/home\/wp-content\/uploads\/2023\/05\/10-5-1024x766.jpg\" alt=\"\" class=\"wp-image-20021\"\/><\/figure>\n\n\n\n<figure class=\"wp-block-image size-large\"><img decoding=\"async\" data-id=\"20019\" src=\"https:\/\/ssr.cl\/home\/wp-content\/uploads\/2023\/05\/11-9-766x1024.jpg\" alt=\"\" class=\"wp-image-20019\"\/><\/figure>\n\n\n\n<figure class=\"wp-block-image size-large\"><img decoding=\"async\" data-id=\"20023\" src=\"https:\/\/ssr.cl\/home\/wp-content\/uploads\/2023\/05\/12-6-766x1024.jpg\" alt=\"\" class=\"wp-image-20023\"\/><\/figure>\n<\/figure>\n","protected":false},"excerpt":{"rendered":"<p>Hoy en la sede de Vi\u00f1a l@s estudiantes de 5\u00b0 B\u00e1sico a IV\u00b0 Medio, junto a sus profesores, celebraron Pentecost\u00e9s, la venida del Esp\u00edritu Santo como regalo del amor de Dios que se hace presente en nuestras vidas. Bailes, cantos, un espacio de encuentro lleno de alegr\u00eda que nos invit\u00f3 a sentirnos parte de la [&hellip;]<\/p>\n","protected":false},"author":4,"featured_media":0,"comment_status":"closed","ping_status":"closed","sticky":false,"template":"","format":"standard","meta":{"footnotes":""},"categories":[53,52,55],"tags":[],"class_list":["post-20018","post","type-post","status-publish","format-standard","hentry","category-celebracion","category-pastoral","category-pentecostes"],"_links":{"self":[{"href":"https:\/\/ssr.cl\/home\/wp-json\/wp\/v2\/posts\/20018","targetHints":{"allow":["GET"]}}],"collection":[{"href":"https:\/\/ssr.cl\/home\/wp-json\/wp\/v2\/posts"}],"about":[{"href":"https:\/\/ssr.cl\/home\/wp-json\/wp\/v2\/types\/post"}],"author":[{"embeddable":true,"href":"https:\/\/ssr.cl\/home\/wp-json\/wp\/v2\/users\/4"}],"replies":[{"embeddable":true,"href":"https:\/\/ssr.cl\/home\/wp-json\/wp\/v2\/comments?post=20018"}],"version-history":[{"count":1,"href":"https:\/\/ssr.cl\/home\/wp-json\/wp\/v2\/posts\/20018\/revisions"}],"predecessor-version":[{"id":23931,"href":"https:\/\/ssr.cl\/home\/wp-json\/wp\/v2\/posts\/20018\/revisions\/23931"}],"wp:attachment":[{"href":"https:\/\/ssr.cl\/home\/wp-json\/wp\/v2\/media?parent=20018"}],"wp:term":[{"taxonomy":"category","embeddable":true,"href":"https:\/\/ssr.cl\/home\/wp-json\/wp\/v2\/categories?post=20018"},{"taxonomy":"post_tag","embeddable":true,"href":"https:\/\/ssr.cl\/home\/wp-json\/wp\/v2\/tags?post=20018"}],"curies":[{"name":"wp","href":"https:\/\/api.w.org\/{rel}","templated":true}]}}