{"id":22422,"date":"2023-10-25T16:00:36","date_gmt":"2023-10-25T19:00:36","guid":{"rendered":"https:\/\/ssr.cl\/home\/?p=22422"},"modified":"2024-02-29T20:08:14","modified_gmt":"2024-02-29T20:08:14","slug":"estudiantes-de-vina-reciben-el-sacramento-del-bautismo","status":"publish","type":"post","link":"https:\/\/ssr.cl\/home\/estudiantes-de-vina-reciben-el-sacramento-del-bautismo\/","title":{"rendered":"Estudiantes de Vi\u00f1a reciben el sacramento del bautismo"},"content":{"rendered":"\n<p>El viernes pasado nuestra comunidad vivi\u00f3 la inmensa alegr\u00eda de participar del bautismo de 6 alumnos de nuestra Sede de Vi\u00f1a del Mar .<br>En una hermosa celebraci\u00f3n, donde vivimos con sencillez y esperanza la fe en Cristo Jes\u00fas, Amani Gonz\u00e1lez Jopia, Isaid Gonz\u00e1lez Jopia, Ignacio Fern\u00e1ndez Gallardo, Santiago Monserrat D\u00edaz, Gabriel Poblete C\u00e1rcamo y Catalina Vargas Labra recibieron este sacramento.<br>Unidos como hermanos, rogamos a Dios por ellos y sus familias, para que la bendici\u00f3n del Padre y del Hijo y del Esp\u00edritu Santo camine siempre con ellos.<\/p>\n\n\n\n<p>Prof. Giovanna Formolo, Encargada de Pastoral Sede de Vi\u00f1a del Mar<\/p>\n\n\n\n<figure class=\"wp-block-gallery has-nested-images columns-default is-cropped wp-block-gallery-1 is-layout-flex wp-block-gallery-is-layout-flex\">\n<figure class=\"wp-block-image size-large\"><img decoding=\"async\" data-id=\"22423\" src=\"https:\/\/ssr.cl\/home\/wp-content\/uploads\/2023\/10\/IMG-20231020-WA0036-1024x462.jpg\" alt=\"\" class=\"wp-image-22423\"\/><\/figure>\n\n\n\n<figure class=\"wp-block-image size-large\"><img decoding=\"async\" data-id=\"22424\" src=\"https:\/\/ssr.cl\/home\/wp-content\/uploads\/2023\/10\/IMG-20231020-WA0038-1024x462.jpg\" alt=\"\" class=\"wp-image-22424\"\/><\/figure>\n\n\n\n<figure class=\"wp-block-image size-large\"><img decoding=\"async\" data-id=\"22426\" src=\"https:\/\/ssr.cl\/home\/wp-content\/uploads\/2023\/10\/IMG-20231020-WA0040-1024x462.jpg\" alt=\"\" class=\"wp-image-22426\"\/><\/figure>\n\n\n\n<figure class=\"wp-block-image size-large\"><img decoding=\"async\" data-id=\"22425\" src=\"https:\/\/ssr.cl\/home\/wp-content\/uploads\/2023\/10\/IMG-20231020-WA0042-1024x462.jpg\" alt=\"\" class=\"wp-image-22425\"\/><\/figure>\n<\/figure>\n","protected":false},"excerpt":{"rendered":"<p>El viernes pasado nuestra comunidad vivi\u00f3 la inmensa alegr\u00eda de participar del bautismo de 6 alumnos de nuestra Sede de Vi\u00f1a del Mar .En una hermosa celebraci\u00f3n, donde vivimos con sencillez y esperanza la fe en Cristo Jes\u00fas, Amani Gonz\u00e1lez Jopia, Isaid Gonz\u00e1lez Jopia, Ignacio Fern\u00e1ndez Gallardo, Santiago Monserrat D\u00edaz, Gabriel Poblete C\u00e1rcamo y Catalina [&hellip;]<\/p>\n","protected":false},"author":4,"featured_media":0,"comment_status":"closed","ping_status":"closed","sticky":false,"template":"","format":"standard","meta":{"footnotes":""},"categories":[64,63,52],"tags":[],"class_list":["post-22422","post","type-post","status-publish","format-standard","hentry","category-catequesis","category-formacion","category-pastoral"],"_links":{"self":[{"href":"https:\/\/ssr.cl\/home\/wp-json\/wp\/v2\/posts\/22422","targetHints":{"allow":["GET"]}}],"collection":[{"href":"https:\/\/ssr.cl\/home\/wp-json\/wp\/v2\/posts"}],"about":[{"href":"https:\/\/ssr.cl\/home\/wp-json\/wp\/v2\/types\/post"}],"author":[{"embeddable":true,"href":"https:\/\/ssr.cl\/home\/wp-json\/wp\/v2\/users\/4"}],"replies":[{"embeddable":true,"href":"https:\/\/ssr.cl\/home\/wp-json\/wp\/v2\/comments?post=22422"}],"version-history":[{"count":1,"href":"https:\/\/ssr.cl\/home\/wp-json\/wp\/v2\/posts\/22422\/revisions"}],"predecessor-version":[{"id":23892,"href":"https:\/\/ssr.cl\/home\/wp-json\/wp\/v2\/posts\/22422\/revisions\/23892"}],"wp:attachment":[{"href":"https:\/\/ssr.cl\/home\/wp-json\/wp\/v2\/media?parent=22422"}],"wp:term":[{"taxonomy":"category","embeddable":true,"href":"https:\/\/ssr.cl\/home\/wp-json\/wp\/v2\/categories?post=22422"},{"taxonomy":"post_tag","embeddable":true,"href":"https:\/\/ssr.cl\/home\/wp-json\/wp\/v2\/tags?post=22422"}],"curies":[{"name":"wp","href":"https:\/\/api.w.org\/{rel}","templated":true}]}}