{"id":22634,"date":"2023-11-13T10:25:37","date_gmt":"2023-11-13T13:25:37","guid":{"rendered":"https:\/\/ssr.cl\/home\/?p=22634"},"modified":"2024-02-29T20:03:42","modified_gmt":"2024-02-29T20:03:42","slug":"celebracion-de-primera-comunion-en-sede-de-vina-del-mar","status":"publish","type":"post","link":"https:\/\/ssr.cl\/home\/celebracion-de-primera-comunion-en-sede-de-vina-del-mar\/","title":{"rendered":"Celebraci\u00f3n de Primera Comuni\u00f3n en sede de Vi\u00f1a del Mar"},"content":{"rendered":"\n<p>El pasado viernes, los alumnos de 5\u00b0 b\u00e1sico de la sede de Vi\u00f1a del Mar vivieron un momento especial al recibir el sacramento de la Primera Comuni\u00f3n en una ceremonia presidida por nuestro capell\u00e1n, Pbro. Erwin Prieto, acompa\u00f1ado del vicerrector de Pastoral, Leonardo Ruz y el sacerdote Rafael Osorio.<br>Felicitamos a los ni\u00f1os que recibieron este importante sacramento que fortalece su vida de fe y uni\u00f3n con Jes\u00fas y los invitamos a seguir profundizando ese hermoso v\u00ednculo apoyado por sus familias.<br>Agradecemos a las catequistas por el trabajo realizado con nuestros estudiantes y sus apoderados, as\u00ed como tambi\u00e9n a sus profesor@s por acompa\u00f1arlos y preparar una hermosa eucarist\u00eda.<\/p>\n\n\n\n<figure class=\"wp-block-gallery has-nested-images columns-default is-cropped wp-block-gallery-1 is-layout-flex wp-block-gallery-is-layout-flex\">\n<figure class=\"wp-block-image size-large\"><img fetchpriority=\"high\" decoding=\"async\" width=\"1024\" height=\"1024\" data-id=\"22638\" src=\"https:\/\/ssr.cl\/home\/wp-content\/uploads\/2023\/11\/1-2-1024x1024.png\" alt=\"\" class=\"wp-image-22638\" srcset=\"https:\/\/ssr.cl\/home\/wp-content\/uploads\/2023\/11\/1-2-1024x1024.png 1024w, https:\/\/ssr.cl\/home\/wp-content\/uploads\/2023\/11\/1-2-300x300.png 300w, https:\/\/ssr.cl\/home\/wp-content\/uploads\/2023\/11\/1-2-150x150.png 150w, https:\/\/ssr.cl\/home\/wp-content\/uploads\/2023\/11\/1-2-768x768.png 768w, https:\/\/ssr.cl\/home\/wp-content\/uploads\/2023\/11\/1-2.png 1080w\" sizes=\"(max-width: 1024px) 100vw, 1024px\" \/><\/figure>\n\n\n\n<figure class=\"wp-block-image size-large\"><img decoding=\"async\" width=\"1024\" height=\"1024\" data-id=\"22640\" src=\"https:\/\/ssr.cl\/home\/wp-content\/uploads\/2023\/11\/2-2-1024x1024.png\" alt=\"\" class=\"wp-image-22640\" srcset=\"https:\/\/ssr.cl\/home\/wp-content\/uploads\/2023\/11\/2-2-1024x1024.png 1024w, https:\/\/ssr.cl\/home\/wp-content\/uploads\/2023\/11\/2-2-300x300.png 300w, https:\/\/ssr.cl\/home\/wp-content\/uploads\/2023\/11\/2-2-150x150.png 150w, https:\/\/ssr.cl\/home\/wp-content\/uploads\/2023\/11\/2-2-768x768.png 768w, https:\/\/ssr.cl\/home\/wp-content\/uploads\/2023\/11\/2-2.png 1080w\" sizes=\"(max-width: 1024px) 100vw, 1024px\" \/><\/figure>\n\n\n\n<figure class=\"wp-block-image size-large\"><img decoding=\"async\" width=\"1024\" height=\"1024\" data-id=\"22639\" src=\"https:\/\/ssr.cl\/home\/wp-content\/uploads\/2023\/11\/4-2-1024x1024.png\" alt=\"\" class=\"wp-image-22639\" srcset=\"https:\/\/ssr.cl\/home\/wp-content\/uploads\/2023\/11\/4-2-1024x1024.png 1024w, https:\/\/ssr.cl\/home\/wp-content\/uploads\/2023\/11\/4-2-300x300.png 300w, https:\/\/ssr.cl\/home\/wp-content\/uploads\/2023\/11\/4-2-150x150.png 150w, https:\/\/ssr.cl\/home\/wp-content\/uploads\/2023\/11\/4-2-768x768.png 768w, https:\/\/ssr.cl\/home\/wp-content\/uploads\/2023\/11\/4-2.png 1080w\" sizes=\"(max-width: 1024px) 100vw, 1024px\" \/><\/figure>\n\n\n\n<figure class=\"wp-block-image size-large\"><img loading=\"lazy\" decoding=\"async\" width=\"1024\" height=\"1024\" data-id=\"22635\" src=\"https:\/\/ssr.cl\/home\/wp-content\/uploads\/2023\/11\/5-1-1024x1024.png\" alt=\"\" class=\"wp-image-22635\" srcset=\"https:\/\/ssr.cl\/home\/wp-content\/uploads\/2023\/11\/5-1-1024x1024.png 1024w, https:\/\/ssr.cl\/home\/wp-content\/uploads\/2023\/11\/5-1-300x300.png 300w, https:\/\/ssr.cl\/home\/wp-content\/uploads\/2023\/11\/5-1-150x150.png 150w, https:\/\/ssr.cl\/home\/wp-content\/uploads\/2023\/11\/5-1-768x768.png 768w, https:\/\/ssr.cl\/home\/wp-content\/uploads\/2023\/11\/5-1.png 1080w\" sizes=\"(max-width: 1024px) 100vw, 1024px\" \/><\/figure>\n\n\n\n<figure class=\"wp-block-image size-large\"><img loading=\"lazy\" decoding=\"async\" width=\"1024\" height=\"1024\" data-id=\"22636\" src=\"https:\/\/ssr.cl\/home\/wp-content\/uploads\/2023\/11\/6-1-1024x1024.png\" alt=\"\" class=\"wp-image-22636\" srcset=\"https:\/\/ssr.cl\/home\/wp-content\/uploads\/2023\/11\/6-1-1024x1024.png 1024w, https:\/\/ssr.cl\/home\/wp-content\/uploads\/2023\/11\/6-1-300x300.png 300w, https:\/\/ssr.cl\/home\/wp-content\/uploads\/2023\/11\/6-1-150x150.png 150w, https:\/\/ssr.cl\/home\/wp-content\/uploads\/2023\/11\/6-1-768x768.png 768w, https:\/\/ssr.cl\/home\/wp-content\/uploads\/2023\/11\/6-1.png 1080w\" sizes=\"(max-width: 1024px) 100vw, 1024px\" \/><\/figure>\n<\/figure>\n","protected":false},"excerpt":{"rendered":"<p>El pasado viernes, los alumnos de 5\u00b0 b\u00e1sico de la sede de Vi\u00f1a del Mar vivieron un momento especial al recibir el sacramento de la Primera Comuni\u00f3n en una ceremonia presidida por nuestro capell\u00e1n, Pbro. Erwin Prieto, acompa\u00f1ado del vicerrector de Pastoral, Leonardo Ruz y el sacerdote Rafael Osorio.Felicitamos a los ni\u00f1os que recibieron este [&hellip;]<\/p>\n","protected":false},"author":4,"featured_media":22638,"comment_status":"closed","ping_status":"closed","sticky":false,"template":"","format":"standard","meta":{"footnotes":""},"categories":[64,63,52],"tags":[],"class_list":["post-22634","post","type-post","status-publish","format-standard","has-post-thumbnail","hentry","category-catequesis","category-formacion","category-pastoral"],"_links":{"self":[{"href":"https:\/\/ssr.cl\/home\/wp-json\/wp\/v2\/posts\/22634","targetHints":{"allow":["GET"]}}],"collection":[{"href":"https:\/\/ssr.cl\/home\/wp-json\/wp\/v2\/posts"}],"about":[{"href":"https:\/\/ssr.cl\/home\/wp-json\/wp\/v2\/types\/post"}],"author":[{"embeddable":true,"href":"https:\/\/ssr.cl\/home\/wp-json\/wp\/v2\/users\/4"}],"replies":[{"embeddable":true,"href":"https:\/\/ssr.cl\/home\/wp-json\/wp\/v2\/comments?post=22634"}],"version-history":[{"count":2,"href":"https:\/\/ssr.cl\/home\/wp-json\/wp\/v2\/posts\/22634\/revisions"}],"predecessor-version":[{"id":23884,"href":"https:\/\/ssr.cl\/home\/wp-json\/wp\/v2\/posts\/22634\/revisions\/23884"}],"wp:featuredmedia":[{"embeddable":true,"href":"https:\/\/ssr.cl\/home\/wp-json\/wp\/v2\/media\/22638"}],"wp:attachment":[{"href":"https:\/\/ssr.cl\/home\/wp-json\/wp\/v2\/media?parent=22634"}],"wp:term":[{"taxonomy":"category","embeddable":true,"href":"https:\/\/ssr.cl\/home\/wp-json\/wp\/v2\/categories?post=22634"},{"taxonomy":"post_tag","embeddable":true,"href":"https:\/\/ssr.cl\/home\/wp-json\/wp\/v2\/tags?post=22634"}],"curies":[{"name":"wp","href":"https:\/\/api.w.org\/{rel}","templated":true}]}}