{"id":22920,"date":"2023-11-23T16:24:48","date_gmt":"2023-11-23T19:24:48","guid":{"rendered":"https:\/\/ssr.cl\/home\/?p=22920"},"modified":"2024-02-29T19:59:36","modified_gmt":"2024-02-29T19:59:36","slug":"pasantes-del-instituto-de-historia-de-pucv-trabajaran-en-msv","status":"publish","type":"post","link":"https:\/\/ssr.cl\/home\/pasantes-del-instituto-de-historia-de-pucv-trabajaran-en-msv\/","title":{"rendered":"Pasantes del instituto de Historia de PUCV trabajar\u00e1n en MSV"},"content":{"rendered":"\n<p>Esta ma\u00f1ana la rectora de nuestro colegio, Claudia Bruno, acompa\u00f1ada de la Encargada del Museo Seminario Valpara\u00edso, MSV, Natalie Recabarren y el profesor de Historia, Cristi\u00e1n Araya, recibi\u00f3 a dos alumnos del Instituto de Historia de la Pontificia Universidad Cat\u00f3lica de Valpara\u00edso, quienes realizar\u00e1n una pasant\u00eda por dos meses en la biblioteca del Museo de nuestro colegio.<\/p>\n\n\n\n<p>La actividad nace fruto de una alianza estrat\u00e9gica entre ambas instituciones que permitir\u00e1 que el MSV sea plaza para realizar este tipo de trabajos de formaci\u00f3n profesional a los alumnos del Instituto.<\/p>\n\n\n\n<p>En la sesi\u00f3n de hoy los j\u00f3venes recibieron una visita guiada por el museo y conocieron los detalles de la importante labor que realizar\u00e1n. Agradecemos a los j\u00f3venes por su entusiasmo, a las autoridades del Instituto de Historia por abrir estos espacios, ya que con este apoyo, sin lugar a dudas, continuaremos avanzando en el conocimiento y resguardo de este patrimonio.<\/p>\n\n\n\n<figure class=\"wp-block-gallery has-nested-images columns-default is-cropped wp-block-gallery-1 is-layout-flex wp-block-gallery-is-layout-flex\">\n<figure class=\"wp-block-image size-large\"><img decoding=\"async\" data-id=\"22926\" src=\"https:\/\/ssr.cl\/home\/wp-content\/uploads\/2023\/11\/1-8-1024x1024.jpg\" alt=\"\" class=\"wp-image-22926\"\/><\/figure>\n\n\n\n<figure class=\"wp-block-image size-large\"><img fetchpriority=\"high\" decoding=\"async\" width=\"768\" height=\"1024\" data-id=\"22921\" src=\"https:\/\/ssr.cl\/home\/wp-content\/uploads\/2023\/11\/2-2-768x1024.jpeg\" alt=\"\" class=\"wp-image-22921\" srcset=\"https:\/\/ssr.cl\/home\/wp-content\/uploads\/2023\/11\/2-2-768x1023.jpeg 768w, https:\/\/ssr.cl\/home\/wp-content\/uploads\/2023\/11\/2-2-225x300.jpeg 225w, https:\/\/ssr.cl\/home\/wp-content\/uploads\/2023\/11\/2-2-1153x1536.jpeg 1153w, https:\/\/ssr.cl\/home\/wp-content\/uploads\/2023\/11\/2-2.jpeg 1200w\" sizes=\"(max-width: 768px) 100vw, 768px\" \/><\/figure>\n\n\n\n<figure class=\"wp-block-image size-large\"><img decoding=\"async\" data-id=\"22924\" src=\"https:\/\/ssr.cl\/home\/wp-content\/uploads\/2023\/11\/3-9-1024x1024.jpg\" alt=\"\" class=\"wp-image-22924\"\/><\/figure>\n\n\n\n<figure class=\"wp-block-image size-large\"><img decoding=\"async\" data-id=\"22923\" src=\"https:\/\/ssr.cl\/home\/wp-content\/uploads\/2023\/11\/4-8-1024x1024.jpg\" alt=\"\" class=\"wp-image-22923\"\/><\/figure>\n\n\n\n<figure class=\"wp-block-image size-large\"><img decoding=\"async\" width=\"768\" height=\"1024\" data-id=\"22922\" src=\"https:\/\/ssr.cl\/home\/wp-content\/uploads\/2023\/11\/5-2-768x1024.jpeg\" alt=\"\" class=\"wp-image-22922\" srcset=\"https:\/\/ssr.cl\/home\/wp-content\/uploads\/2023\/11\/5-2-768x1023.jpeg 768w, https:\/\/ssr.cl\/home\/wp-content\/uploads\/2023\/11\/5-2-225x300.jpeg 225w, https:\/\/ssr.cl\/home\/wp-content\/uploads\/2023\/11\/5-2-1153x1536.jpeg 1153w, https:\/\/ssr.cl\/home\/wp-content\/uploads\/2023\/11\/5-2.jpeg 1200w\" sizes=\"(max-width: 768px) 100vw, 768px\" \/><\/figure>\n\n\n\n<figure class=\"wp-block-image size-large\"><img decoding=\"async\" width=\"1024\" height=\"1024\" data-id=\"22925\" src=\"https:\/\/ssr.cl\/home\/wp-content\/uploads\/2023\/11\/6-7-1024x1024.jpg\" alt=\"\" class=\"wp-image-22925\" srcset=\"https:\/\/ssr.cl\/home\/wp-content\/uploads\/2023\/11\/6-7-1024x1024.jpg 1024w, https:\/\/ssr.cl\/home\/wp-content\/uploads\/2023\/11\/6-7-300x300.jpg 300w, https:\/\/ssr.cl\/home\/wp-content\/uploads\/2023\/11\/6-7-150x150.jpg 150w, https:\/\/ssr.cl\/home\/wp-content\/uploads\/2023\/11\/6-7-768x768.jpg 768w, https:\/\/ssr.cl\/home\/wp-content\/uploads\/2023\/11\/6-7-1536x1536.jpg 1536w, https:\/\/ssr.cl\/home\/wp-content\/uploads\/2023\/11\/6-7.jpg 1920w\" sizes=\"(max-width: 1024px) 100vw, 1024px\" \/><\/figure>\n<\/figure>\n","protected":false},"excerpt":{"rendered":"<p>Esta ma\u00f1ana la rectora de nuestro colegio, Claudia Bruno, acompa\u00f1ada de la Encargada del Museo Seminario Valpara\u00edso, MSV, Natalie Recabarren y el profesor de Historia, Cristi\u00e1n Araya, recibi\u00f3 a dos alumnos del Instituto de Historia de la Pontificia Universidad Cat\u00f3lica de Valpara\u00edso, quienes realizar\u00e1n una pasant\u00eda por dos meses en la biblioteca del Museo de [&hellip;]<\/p>\n","protected":false},"author":4,"featured_media":22927,"comment_status":"closed","ping_status":"closed","sticky":false,"template":"","format":"standard","meta":{"footnotes":""},"categories":[71],"tags":[],"class_list":["post-22920","post","type-post","status-publish","format-standard","has-post-thumbnail","hentry","category-museo"],"_links":{"self":[{"href":"https:\/\/ssr.cl\/home\/wp-json\/wp\/v2\/posts\/22920","targetHints":{"allow":["GET"]}}],"collection":[{"href":"https:\/\/ssr.cl\/home\/wp-json\/wp\/v2\/posts"}],"about":[{"href":"https:\/\/ssr.cl\/home\/wp-json\/wp\/v2\/types\/post"}],"author":[{"embeddable":true,"href":"https:\/\/ssr.cl\/home\/wp-json\/wp\/v2\/users\/4"}],"replies":[{"embeddable":true,"href":"https:\/\/ssr.cl\/home\/wp-json\/wp\/v2\/comments?post=22920"}],"version-history":[{"count":1,"href":"https:\/\/ssr.cl\/home\/wp-json\/wp\/v2\/posts\/22920\/revisions"}],"predecessor-version":[{"id":23877,"href":"https:\/\/ssr.cl\/home\/wp-json\/wp\/v2\/posts\/22920\/revisions\/23877"}],"wp:featuredmedia":[{"embeddable":true,"href":"https:\/\/ssr.cl\/home\/wp-json\/wp\/v2\/media\/22927"}],"wp:attachment":[{"href":"https:\/\/ssr.cl\/home\/wp-json\/wp\/v2\/media?parent=22920"}],"wp:term":[{"taxonomy":"category","embeddable":true,"href":"https:\/\/ssr.cl\/home\/wp-json\/wp\/v2\/categories?post=22920"},{"taxonomy":"post_tag","embeddable":true,"href":"https:\/\/ssr.cl\/home\/wp-json\/wp\/v2\/tags?post=22920"}],"curies":[{"name":"wp","href":"https:\/\/api.w.org\/{rel}","templated":true}]}}