{"id":24634,"date":"2024-03-20T20:40:23","date_gmt":"2024-03-20T20:40:23","guid":{"rendered":"https:\/\/ssr.cl\/home\/?p=24634"},"modified":"2024-03-20T20:40:26","modified_gmt":"2024-03-20T20:40:26","slug":"jornada-motivacional-inicia-semana-santa-2024","status":"publish","type":"post","link":"https:\/\/ssr.cl\/home\/jornada-motivacional-inicia-semana-santa-2024\/","title":{"rendered":"Jornada motivacional inicia Semana Santa 2024"},"content":{"rendered":"\n<p>En el marco de la celebraci\u00f3n de Semana Santa, ayer martes, en ambas sedes de nuestro colegio, los directivos, profesores y el equipo del Departamento de Apoyo al Aprendizaje se congregaron junto al equipo de Pastoral en un c\u00e1lido encuentro que permiti\u00f3, no s\u00f3lo fortalecer los lazos entre los participantes, sino que tambi\u00e9n brindar un espacio de reflexi\u00f3n y renovaci\u00f3n espiritual en v\u00edsperas de esta importante fecha.<br>Los y las participantes pudieron aproximarse a la figura de Jes\u00fas a trav\u00e9s de la lectura del Evangelio, la oraci\u00f3n grupal y signos de profundo contenido a la luz de la fe.<br>Esta actividad permitir\u00e1 que esta renovaci\u00f3n de la fe se extienda a nuestros estudiantes, quienes la pr\u00f3xima semana participar\u00e1n en distintas actividades formativas, de reflexi\u00f3n y celebraci\u00f3n lit\u00fargica acompa\u00f1ados de los profesores que ayer vivieron este encuentro.<\/p>\n\n\n\n<figure class=\"wp-block-gallery has-nested-images columns-default is-cropped wp-block-gallery-1 is-layout-flex wp-block-gallery-is-layout-flex\">\n<figure class=\"wp-block-image size-large\"><img decoding=\"async\" data-id=\"24640\" src=\"https:\/\/ssr.cl\/home\/wp-content\/uploads\/2024\/03\/sem-sta-1-1024x768.jpg\" alt=\"\" class=\"wp-image-24640\"\/><\/figure>\n\n\n\n<figure class=\"wp-block-image size-large\"><img decoding=\"async\" data-id=\"24641\" src=\"https:\/\/ssr.cl\/home\/wp-content\/uploads\/2024\/03\/sem-sta-2-1024x768.jpg\" alt=\"\" class=\"wp-image-24641\"\/><\/figure>\n\n\n\n<figure class=\"wp-block-image size-large\"><img decoding=\"async\" data-id=\"24635\" src=\"https:\/\/ssr.cl\/home\/wp-content\/uploads\/2024\/03\/sem-sta-3-1024x768.jpg\" alt=\"\" class=\"wp-image-24635\"\/><\/figure>\n\n\n\n<figure class=\"wp-block-image size-large\"><img decoding=\"async\" data-id=\"24638\" src=\"https:\/\/ssr.cl\/home\/wp-content\/uploads\/2024\/03\/sem-sta-4-1024x768.jpg\" alt=\"\" class=\"wp-image-24638\"\/><\/figure>\n\n\n\n<figure class=\"wp-block-image size-large\"><img decoding=\"async\" data-id=\"24636\" src=\"https:\/\/ssr.cl\/home\/wp-content\/uploads\/2024\/03\/sem-sta-5-1024x768.jpg\" alt=\"\" class=\"wp-image-24636\"\/><\/figure>\n\n\n\n<figure class=\"wp-block-image size-large\"><img fetchpriority=\"high\" decoding=\"async\" width=\"1024\" height=\"768\" data-id=\"24643\" src=\"https:\/\/ssr.cl\/home\/wp-content\/uploads\/2024\/03\/sem-sta-6-1024x768.jpg\" alt=\"\" class=\"wp-image-24643\" srcset=\"https:\/\/ssr.cl\/home\/wp-content\/uploads\/2024\/03\/sem-sta-6-1024x768.jpg 1024w, https:\/\/ssr.cl\/home\/wp-content\/uploads\/2024\/03\/sem-sta-6-300x225.jpg 300w, https:\/\/ssr.cl\/home\/wp-content\/uploads\/2024\/03\/sem-sta-6-768x576.jpg 768w, https:\/\/ssr.cl\/home\/wp-content\/uploads\/2024\/03\/sem-sta-6.jpg 1200w\" sizes=\"(max-width: 1024px) 100vw, 1024px\" \/><\/figure>\n\n\n\n<figure class=\"wp-block-image size-large\"><img decoding=\"async\" data-id=\"24637\" src=\"https:\/\/ssr.cl\/home\/wp-content\/uploads\/2024\/03\/sem-sta-7-1024x768.jpg\" alt=\"\" class=\"wp-image-24637\"\/><\/figure>\n\n\n\n<figure class=\"wp-block-image size-large\"><img decoding=\"async\" data-id=\"24639\" src=\"https:\/\/ssr.cl\/home\/wp-content\/uploads\/2024\/03\/sem-sta-8-1024x768.jpg\" alt=\"\" class=\"wp-image-24639\"\/><\/figure>\n\n\n\n<figure class=\"wp-block-image size-large\"><img decoding=\"async\" data-id=\"24642\" src=\"https:\/\/ssr.cl\/home\/wp-content\/uploads\/2024\/03\/sem-sta-9-1024x768.jpg\" alt=\"\" class=\"wp-image-24642\"\/><\/figure>\n<\/figure>\n\n\n\n<p>.<\/p>\n","protected":false},"excerpt":{"rendered":"<p>En el marco de la celebraci\u00f3n de Semana Santa, ayer martes, en ambas sedes de nuestro colegio, los directivos, profesores y el equipo del Departamento de Apoyo al Aprendizaje se congregaron junto al equipo de Pastoral en un c\u00e1lido encuentro que permiti\u00f3, no s\u00f3lo fortalecer los lazos entre los participantes, sino que tambi\u00e9n brindar un [&hellip;]<\/p>\n","protected":false},"author":4,"featured_media":0,"comment_status":"closed","ping_status":"closed","sticky":false,"template":"","format":"standard","meta":{"footnotes":""},"categories":[52,53,54],"tags":[],"class_list":["post-24634","post","type-post","status-publish","format-standard","hentry","category-pastoral","category-celebracion","category-semana-santa"],"_links":{"self":[{"href":"https:\/\/ssr.cl\/home\/wp-json\/wp\/v2\/posts\/24634","targetHints":{"allow":["GET"]}}],"collection":[{"href":"https:\/\/ssr.cl\/home\/wp-json\/wp\/v2\/posts"}],"about":[{"href":"https:\/\/ssr.cl\/home\/wp-json\/wp\/v2\/types\/post"}],"author":[{"embeddable":true,"href":"https:\/\/ssr.cl\/home\/wp-json\/wp\/v2\/users\/4"}],"replies":[{"embeddable":true,"href":"https:\/\/ssr.cl\/home\/wp-json\/wp\/v2\/comments?post=24634"}],"version-history":[{"count":1,"href":"https:\/\/ssr.cl\/home\/wp-json\/wp\/v2\/posts\/24634\/revisions"}],"predecessor-version":[{"id":24644,"href":"https:\/\/ssr.cl\/home\/wp-json\/wp\/v2\/posts\/24634\/revisions\/24644"}],"wp:attachment":[{"href":"https:\/\/ssr.cl\/home\/wp-json\/wp\/v2\/media?parent=24634"}],"wp:term":[{"taxonomy":"category","embeddable":true,"href":"https:\/\/ssr.cl\/home\/wp-json\/wp\/v2\/categories?post=24634"},{"taxonomy":"post_tag","embeddable":true,"href":"https:\/\/ssr.cl\/home\/wp-json\/wp\/v2\/tags?post=24634"}],"curies":[{"name":"wp","href":"https:\/\/api.w.org\/{rel}","templated":true}]}}