{"id":24841,"date":"2024-03-27T17:29:26","date_gmt":"2024-03-27T20:29:26","guid":{"rendered":"https:\/\/ssr.cl\/home\/?p=24841"},"modified":"2024-03-27T17:29:57","modified_gmt":"2024-03-27T20:29:57","slug":"via-crucis-cobra-vida-en-basica","status":"publish","type":"post","link":"https:\/\/ssr.cl\/home\/via-crucis-cobra-vida-en-basica\/","title":{"rendered":"V\u00eda Crucis cobra vida en b\u00e1sica"},"content":{"rendered":"\n<p>En el ciclo b\u00e1sico de ambas sedes esta ma\u00f1ana se vivi\u00f3 el tradicional V\u00eda Crucis de Semana Santa realizado por l@s estudiantes.<\/p>\n\n\n\n<p>Con hermosos y coloridos disfraces los ni\u00f1os y ni\u00f1as dieron vida a las distintas estaciones recreando episodios del significativo recorrido que hizo Jes\u00fas hasta ser crucificado. En cada unas de las estaciones se fue reflexionando y pidiendo perd\u00f3n a Dios por aquellos errores que cometemos a diario.<\/p>\n\n\n\n<p>Agradecemos a los apoderados por colaborar con los disfraces y a los ni\u00f1os y ni\u00f1as por asumir con gran entusiasmo y dedicaci\u00f3n representar a los distintos personajes de esta gran puesta en escena.<\/p>\n\n\n\n<p>Destacamos el trabajo del equipo de Pastoral, profesoras jefe, entre otros, por su compromiso con esta tradicional representaci\u00f3n que nos permite gozar a\u00f1o a a\u00f1o de un lindo y significativo momento.<\/p>\n\n\n\n<p><\/p>\n\n\n\n<figure class=\"wp-block-gallery has-nested-images columns-default is-cropped wp-block-gallery-1 is-layout-flex wp-block-gallery-is-layout-flex\">\n<figure class=\"wp-block-image size-large\"><img decoding=\"async\" data-id=\"24846\" src=\"https:\/\/ssr.cl\/home\/wp-content\/uploads\/2024\/03\/1-2-1024x1024.jpg\" alt=\"\" class=\"wp-image-24846\"\/><\/figure>\n\n\n\n<figure class=\"wp-block-image size-large\"><img decoding=\"async\" data-id=\"24843\" src=\"https:\/\/ssr.cl\/home\/wp-content\/uploads\/2024\/03\/2-1-1024x1024.jpg\" alt=\"\" class=\"wp-image-24843\"\/><\/figure>\n\n\n\n<figure class=\"wp-block-image size-large\"><img decoding=\"async\" data-id=\"24844\" src=\"https:\/\/ssr.cl\/home\/wp-content\/uploads\/2024\/03\/3-1024x1024.jpg\" alt=\"\" class=\"wp-image-24844\"\/><\/figure>\n\n\n\n<figure class=\"wp-block-image size-large\"><img decoding=\"async\" data-id=\"24847\" src=\"https:\/\/ssr.cl\/home\/wp-content\/uploads\/2024\/03\/4-2-1024x1024.jpg\" alt=\"\" class=\"wp-image-24847\"\/><\/figure>\n\n\n\n<figure class=\"wp-block-image size-large\"><img decoding=\"async\" data-id=\"24845\" src=\"https:\/\/ssr.cl\/home\/wp-content\/uploads\/2024\/03\/5-1-1024x1024.jpg\" alt=\"\" class=\"wp-image-24845\"\/><\/figure>\n\n\n\n<figure class=\"wp-block-image size-large\"><img decoding=\"async\" data-id=\"24842\" src=\"https:\/\/ssr.cl\/home\/wp-content\/uploads\/2024\/03\/6-1024x1024.jpg\" alt=\"\" class=\"wp-image-24842\"\/><\/figure>\n\n\n\n<figure class=\"wp-block-image size-large\"><img decoding=\"async\" data-id=\"24848\" src=\"https:\/\/ssr.cl\/home\/wp-content\/uploads\/2024\/03\/7-1-1024x1024.jpg\" alt=\"\" class=\"wp-image-24848\"\/><\/figure>\n<\/figure>\n","protected":false},"excerpt":{"rendered":"<p>En el ciclo b\u00e1sico de ambas sedes esta ma\u00f1ana se vivi\u00f3 el tradicional V\u00eda Crucis de Semana Santa realizado por l@s estudiantes. Con hermosos y coloridos disfraces los ni\u00f1os y ni\u00f1as dieron vida a las distintas estaciones recreando episodios del significativo recorrido que hizo Jes\u00fas hasta ser crucificado. En cada unas de las estaciones se [&hellip;]<\/p>\n","protected":false},"author":4,"featured_media":0,"comment_status":"open","ping_status":"open","sticky":false,"template":"","format":"standard","meta":{"footnotes":""},"categories":[52,53,54],"tags":[],"class_list":["post-24841","post","type-post","status-publish","format-standard","hentry","category-pastoral","category-celebracion","category-semana-santa"],"_links":{"self":[{"href":"https:\/\/ssr.cl\/home\/wp-json\/wp\/v2\/posts\/24841","targetHints":{"allow":["GET"]}}],"collection":[{"href":"https:\/\/ssr.cl\/home\/wp-json\/wp\/v2\/posts"}],"about":[{"href":"https:\/\/ssr.cl\/home\/wp-json\/wp\/v2\/types\/post"}],"author":[{"embeddable":true,"href":"https:\/\/ssr.cl\/home\/wp-json\/wp\/v2\/users\/4"}],"replies":[{"embeddable":true,"href":"https:\/\/ssr.cl\/home\/wp-json\/wp\/v2\/comments?post=24841"}],"version-history":[{"count":1,"href":"https:\/\/ssr.cl\/home\/wp-json\/wp\/v2\/posts\/24841\/revisions"}],"predecessor-version":[{"id":24849,"href":"https:\/\/ssr.cl\/home\/wp-json\/wp\/v2\/posts\/24841\/revisions\/24849"}],"wp:attachment":[{"href":"https:\/\/ssr.cl\/home\/wp-json\/wp\/v2\/media?parent=24841"}],"wp:term":[{"taxonomy":"category","embeddable":true,"href":"https:\/\/ssr.cl\/home\/wp-json\/wp\/v2\/categories?post=24841"},{"taxonomy":"post_tag","embeddable":true,"href":"https:\/\/ssr.cl\/home\/wp-json\/wp\/v2\/tags?post=24841"}],"curies":[{"name":"wp","href":"https:\/\/api.w.org\/{rel}","templated":true}]}}