{"id":24993,"date":"2024-04-03T19:00:32","date_gmt":"2024-04-03T22:00:32","guid":{"rendered":"https:\/\/ssr.cl\/home\/?p=24993"},"modified":"2024-04-03T19:11:08","modified_gmt":"2024-04-03T22:11:08","slug":"autopridades-regionbales-de-las-culturas-y-el-patrimonio-lanzan-en-msv-dia-regional-del-patrimonio","status":"publish","type":"post","link":"https:\/\/ssr.cl\/home\/autopridades-regionbales-de-las-culturas-y-el-patrimonio-lanzan-en-msv-dia-regional-del-patrimonio\/","title":{"rendered":"Autoridades regionales de las Culturas y el Patrimonio lanzan en MSV D\u00eda Regional del Patrimonio"},"content":{"rendered":"\n<p>Con la presencia del seremi de las Culturas, Javier Esnaola; el director regional del Servicio Nacional del Patrimonio Cultural, Salvador Angulo; el presidente del directorio de la Fundaci\u00f3n Educacional de nuestro colegio, Juan M\u00e1gasich; el delegado episcopal para la educaci\u00f3n de la di\u00f3cesis, Jos\u00e9 Ignacio Latorre y nuestra rectora, Claudia Bruno, hoy en la ma\u00f1ana, en el Museo Seminario Valpara\u00edso (MSV) se realiz\u00f3 el lanzamiento regional del D\u00eda de los Patrimonios 2024, que se celebrar\u00e1 el 25 y 26 de mayo.<\/p>\n\n\n\n<p>En la ceremonia se realiz\u00f3 la presentaci\u00f3n oficial de nuestros brigadistas patrimoniales, quienes realizaron el guiado por las dependencias del MSV a las autoridades presentes.<\/p>\n\n\n\n<p>Cabe destacar qiue el D\u00eda de los Patrimonios este a\u00f1o conmemorar\u00e1 su vigesimoquinto aniversario desde su primera edici\u00f3n en 1999. El objetivo de esta celebraci\u00f3n colectiva, gratuita y descentralizada es favorecer un encuentro directo entre las personas y las distintas manifestaciones patrimoniales presentes en Chile.<\/p>\n\n\n\n<p>El MSV, por segundo a\u00f1o consecutivo, abrir\u00e1 sus puertas para recibir a los visitantes, previa inscripci\u00f3n, \u00a0que ser\u00e1n guiados por las dependencias de este valioso inmueble que alberga m\u00e1s de 2.500 piezas en exhibici\u00f3n y 4 colecciones de alto valor hist\u00f3rico patrimonial.<\/p>\n\n\n\n<figure class=\"wp-block-gallery has-nested-images columns-default is-cropped wp-block-gallery-1 is-layout-flex wp-block-gallery-is-layout-flex\">\n<figure class=\"wp-block-image size-large\"><img fetchpriority=\"high\" decoding=\"async\" width=\"1024\" height=\"768\" data-id=\"24995\" src=\"https:\/\/ssr.cl\/home\/wp-content\/uploads\/2024\/04\/patrim-1ch-1024x768.jpg\" alt=\"\" class=\"wp-image-24995\" srcset=\"https:\/\/ssr.cl\/home\/wp-content\/uploads\/2024\/04\/patrim-1ch-1024x768.jpg 1024w, https:\/\/ssr.cl\/home\/wp-content\/uploads\/2024\/04\/patrim-1ch-300x225.jpg 300w, https:\/\/ssr.cl\/home\/wp-content\/uploads\/2024\/04\/patrim-1ch-768x576.jpg 768w, https:\/\/ssr.cl\/home\/wp-content\/uploads\/2024\/04\/patrim-1ch.jpg 1200w\" sizes=\"(max-width: 1024px) 100vw, 1024px\" \/><\/figure>\n\n\n\n<figure class=\"wp-block-image size-large\"><img decoding=\"async\" width=\"1024\" height=\"768\" data-id=\"24996\" src=\"https:\/\/ssr.cl\/home\/wp-content\/uploads\/2024\/04\/patrim-2ch-1024x768.jpg\" alt=\"\" class=\"wp-image-24996\" srcset=\"https:\/\/ssr.cl\/home\/wp-content\/uploads\/2024\/04\/patrim-2ch-1024x768.jpg 1024w, https:\/\/ssr.cl\/home\/wp-content\/uploads\/2024\/04\/patrim-2ch-300x225.jpg 300w, https:\/\/ssr.cl\/home\/wp-content\/uploads\/2024\/04\/patrim-2ch-768x576.jpg 768w, https:\/\/ssr.cl\/home\/wp-content\/uploads\/2024\/04\/patrim-2ch.jpg 1200w\" sizes=\"(max-width: 1024px) 100vw, 1024px\" \/><\/figure>\n\n\n\n<figure class=\"wp-block-image size-large\"><img decoding=\"async\" width=\"1024\" height=\"768\" data-id=\"24994\" src=\"https:\/\/ssr.cl\/home\/wp-content\/uploads\/2024\/04\/patrim-3-ch-1024x768.jpg\" alt=\"\" class=\"wp-image-24994\" srcset=\"https:\/\/ssr.cl\/home\/wp-content\/uploads\/2024\/04\/patrim-3-ch-1024x768.jpg 1024w, https:\/\/ssr.cl\/home\/wp-content\/uploads\/2024\/04\/patrim-3-ch-300x225.jpg 300w, https:\/\/ssr.cl\/home\/wp-content\/uploads\/2024\/04\/patrim-3-ch-768x576.jpg 768w, https:\/\/ssr.cl\/home\/wp-content\/uploads\/2024\/04\/patrim-3-ch.jpg 1200w\" sizes=\"(max-width: 1024px) 100vw, 1024px\" \/><\/figure>\n\n\n\n<figure class=\"wp-block-image size-large\"><img loading=\"lazy\" decoding=\"async\" width=\"1024\" height=\"768\" data-id=\"24999\" src=\"https:\/\/ssr.cl\/home\/wp-content\/uploads\/2024\/04\/patrim-4-ch-1024x768.jpg\" alt=\"\" class=\"wp-image-24999\" srcset=\"https:\/\/ssr.cl\/home\/wp-content\/uploads\/2024\/04\/patrim-4-ch-1024x768.jpg 1024w, https:\/\/ssr.cl\/home\/wp-content\/uploads\/2024\/04\/patrim-4-ch-300x225.jpg 300w, https:\/\/ssr.cl\/home\/wp-content\/uploads\/2024\/04\/patrim-4-ch-768x576.jpg 768w, https:\/\/ssr.cl\/home\/wp-content\/uploads\/2024\/04\/patrim-4-ch.jpg 1200w\" sizes=\"(max-width: 1024px) 100vw, 1024px\" \/><\/figure>\n\n\n\n<figure class=\"wp-block-image size-large\"><img loading=\"lazy\" decoding=\"async\" width=\"1024\" height=\"768\" data-id=\"24997\" src=\"https:\/\/ssr.cl\/home\/wp-content\/uploads\/2024\/04\/patrim-5-ch-1024x768.jpg\" alt=\"\" class=\"wp-image-24997\" srcset=\"https:\/\/ssr.cl\/home\/wp-content\/uploads\/2024\/04\/patrim-5-ch-1024x768.jpg 1024w, https:\/\/ssr.cl\/home\/wp-content\/uploads\/2024\/04\/patrim-5-ch-300x225.jpg 300w, https:\/\/ssr.cl\/home\/wp-content\/uploads\/2024\/04\/patrim-5-ch-768x576.jpg 768w, https:\/\/ssr.cl\/home\/wp-content\/uploads\/2024\/04\/patrim-5-ch.jpg 1200w\" sizes=\"(max-width: 1024px) 100vw, 1024px\" \/><\/figure>\n\n\n\n<figure class=\"wp-block-image size-large\"><img loading=\"lazy\" decoding=\"async\" width=\"1024\" height=\"768\" data-id=\"24998\" src=\"https:\/\/ssr.cl\/home\/wp-content\/uploads\/2024\/04\/patrim-6-ch-1024x768.jpg\" alt=\"\" class=\"wp-image-24998\" srcset=\"https:\/\/ssr.cl\/home\/wp-content\/uploads\/2024\/04\/patrim-6-ch-1024x768.jpg 1024w, https:\/\/ssr.cl\/home\/wp-content\/uploads\/2024\/04\/patrim-6-ch-300x225.jpg 300w, https:\/\/ssr.cl\/home\/wp-content\/uploads\/2024\/04\/patrim-6-ch-768x576.jpg 768w, https:\/\/ssr.cl\/home\/wp-content\/uploads\/2024\/04\/patrim-6-ch.jpg 1200w\" sizes=\"(max-width: 1024px) 100vw, 1024px\" \/><\/figure>\n<\/figure>\n","protected":false},"excerpt":{"rendered":"<p>Con la presencia del seremi de las Culturas, Javier Esnaola; el director regional del Servicio Nacional del Patrimonio Cultural, Salvador Angulo; el presidente del directorio de la Fundaci\u00f3n Educacional de nuestro colegio, Juan M\u00e1gasich; el delegado episcopal para la educaci\u00f3n de la di\u00f3cesis, Jos\u00e9 Ignacio Latorre y nuestra rectora, Claudia Bruno, hoy en la ma\u00f1ana, [&hellip;]<\/p>\n","protected":false},"author":4,"featured_media":24995,"comment_status":"open","ping_status":"open","sticky":false,"template":"","format":"standard","meta":{"footnotes":""},"categories":[71],"tags":[],"class_list":["post-24993","post","type-post","status-publish","format-standard","has-post-thumbnail","hentry","category-museo"],"_links":{"self":[{"href":"https:\/\/ssr.cl\/home\/wp-json\/wp\/v2\/posts\/24993","targetHints":{"allow":["GET"]}}],"collection":[{"href":"https:\/\/ssr.cl\/home\/wp-json\/wp\/v2\/posts"}],"about":[{"href":"https:\/\/ssr.cl\/home\/wp-json\/wp\/v2\/types\/post"}],"author":[{"embeddable":true,"href":"https:\/\/ssr.cl\/home\/wp-json\/wp\/v2\/users\/4"}],"replies":[{"embeddable":true,"href":"https:\/\/ssr.cl\/home\/wp-json\/wp\/v2\/comments?post=24993"}],"version-history":[{"count":2,"href":"https:\/\/ssr.cl\/home\/wp-json\/wp\/v2\/posts\/24993\/revisions"}],"predecessor-version":[{"id":25001,"href":"https:\/\/ssr.cl\/home\/wp-json\/wp\/v2\/posts\/24993\/revisions\/25001"}],"wp:featuredmedia":[{"embeddable":true,"href":"https:\/\/ssr.cl\/home\/wp-json\/wp\/v2\/media\/24995"}],"wp:attachment":[{"href":"https:\/\/ssr.cl\/home\/wp-json\/wp\/v2\/media?parent=24993"}],"wp:term":[{"taxonomy":"category","embeddable":true,"href":"https:\/\/ssr.cl\/home\/wp-json\/wp\/v2\/categories?post=24993"},{"taxonomy":"post_tag","embeddable":true,"href":"https:\/\/ssr.cl\/home\/wp-json\/wp\/v2\/tags?post=24993"}],"curies":[{"name":"wp","href":"https:\/\/api.w.org\/{rel}","templated":true}]}}