{"id":25111,"date":"2024-04-12T18:30:27","date_gmt":"2024-04-12T22:30:27","guid":{"rendered":"https:\/\/ssr.cl\/home\/?p=25111"},"modified":"2024-04-12T18:30:30","modified_gmt":"2024-04-12T22:30:30","slug":"sensible-fallecimiento","status":"publish","type":"post","link":"https:\/\/ssr.cl\/home\/sensible-fallecimiento\/","title":{"rendered":"Sensible Fallecimiento"},"content":{"rendered":"\n<p>Con mucho pesar comunicamos el fallecimiento de don H\u00e9ctor Utreras Ojeda, padre de nuestro compa\u00f1ero de trabajo y amigo, Ren\u00e9 Utreras. Sus restos est\u00e1n siendo velados en la parroquia San Pablo de Placilla y sus funerales se realizar\u00e1n ma\u00f1ana a las 13:30 hrs.<br>Acompa\u00f1amos en oraci\u00f3n a Ren\u00e9 y su familia en este delicado momento. Pedimos a San Rafael su presencia para transitar en este proceso de duelo con la confianza de un Dios Misericordioso que acoge y nos lleva a la Vida Eterna.<\/p>\n\n\n\n<figure class=\"wp-block-image size-large\"><img fetchpriority=\"high\" decoding=\"async\" width=\"1024\" height=\"1024\" src=\"https:\/\/ssr.cl\/home\/wp-content\/uploads\/2024\/04\/DEFUN-papa-Rene-1024x1024.png\" alt=\"\" class=\"wp-image-25112\" srcset=\"https:\/\/ssr.cl\/home\/wp-content\/uploads\/2024\/04\/DEFUN-papa-Rene-1024x1024.png 1024w, https:\/\/ssr.cl\/home\/wp-content\/uploads\/2024\/04\/DEFUN-papa-Rene-300x300.png 300w, https:\/\/ssr.cl\/home\/wp-content\/uploads\/2024\/04\/DEFUN-papa-Rene-150x150.png 150w, https:\/\/ssr.cl\/home\/wp-content\/uploads\/2024\/04\/DEFUN-papa-Rene-768x768.png 768w, https:\/\/ssr.cl\/home\/wp-content\/uploads\/2024\/04\/DEFUN-papa-Rene.png 1080w\" sizes=\"(max-width: 1024px) 100vw, 1024px\" \/><\/figure>\n","protected":false},"excerpt":{"rendered":"<p>Con mucho pesar comunicamos el fallecimiento de don H\u00e9ctor Utreras Ojeda, padre de nuestro compa\u00f1ero de trabajo y amigo, Ren\u00e9 Utreras. Sus restos est\u00e1n siendo velados en la parroquia San Pablo de Placilla y sus funerales se realizar\u00e1n ma\u00f1ana a las 13:30 hrs.Acompa\u00f1amos en oraci\u00f3n a Ren\u00e9 y su familia en este delicado momento. Pedimos [&hellip;]<\/p>\n","protected":false},"author":4,"featured_media":25112,"comment_status":"open","ping_status":"open","sticky":false,"template":"","format":"standard","meta":{"footnotes":""},"categories":[76],"tags":[],"class_list":["post-25111","post","type-post","status-publish","format-standard","has-post-thumbnail","hentry","category-colegio"],"_links":{"self":[{"href":"https:\/\/ssr.cl\/home\/wp-json\/wp\/v2\/posts\/25111","targetHints":{"allow":["GET"]}}],"collection":[{"href":"https:\/\/ssr.cl\/home\/wp-json\/wp\/v2\/posts"}],"about":[{"href":"https:\/\/ssr.cl\/home\/wp-json\/wp\/v2\/types\/post"}],"author":[{"embeddable":true,"href":"https:\/\/ssr.cl\/home\/wp-json\/wp\/v2\/users\/4"}],"replies":[{"embeddable":true,"href":"https:\/\/ssr.cl\/home\/wp-json\/wp\/v2\/comments?post=25111"}],"version-history":[{"count":1,"href":"https:\/\/ssr.cl\/home\/wp-json\/wp\/v2\/posts\/25111\/revisions"}],"predecessor-version":[{"id":25113,"href":"https:\/\/ssr.cl\/home\/wp-json\/wp\/v2\/posts\/25111\/revisions\/25113"}],"wp:featuredmedia":[{"embeddable":true,"href":"https:\/\/ssr.cl\/home\/wp-json\/wp\/v2\/media\/25112"}],"wp:attachment":[{"href":"https:\/\/ssr.cl\/home\/wp-json\/wp\/v2\/media?parent=25111"}],"wp:term":[{"taxonomy":"category","embeddable":true,"href":"https:\/\/ssr.cl\/home\/wp-json\/wp\/v2\/categories?post=25111"},{"taxonomy":"post_tag","embeddable":true,"href":"https:\/\/ssr.cl\/home\/wp-json\/wp\/v2\/tags?post=25111"}],"curies":[{"name":"wp","href":"https:\/\/api.w.org\/{rel}","templated":true}]}}