{"id":25327,"date":"2024-04-25T14:45:00","date_gmt":"2024-04-25T18:45:00","guid":{"rendered":"https:\/\/ssr.cl\/home\/?p=25327"},"modified":"2024-04-25T14:45:54","modified_gmt":"2024-04-25T18:45:54","slug":"interesante-charla-sobre-valparaiso-del-1-mil-novecientos-en-el-marco-de-la-celebracion-del-dia-del-libro","status":"publish","type":"post","link":"https:\/\/ssr.cl\/home\/interesante-charla-sobre-valparaiso-del-1-mil-novecientos-en-el-marco-de-la-celebracion-del-dia-del-libro\/","title":{"rendered":"Interesante charla sobre Valpara\u00edso del 1 mil novecientos en el marco de la celebraci\u00f3n del D\u00eda del libro"},"content":{"rendered":"\n<p>El Museo Seminario Valpara\u00edso y el Departamento de Lenguaje organizaron un encuentro con el acad\u00e9mico, periodista y escritor Andr\u00e9s Garc\u00eda, dirigido a l@s estudiantes de II\u00b0 a IV\u00b0 Medio.<br>Andr\u00e9s Garc\u00eda, el a\u00f1o 2016 cre\u00f3 la Editorial Crisantemo, con el fin de editar sus propios libros que abarcan diversos g\u00e9neros: novelas, biograf\u00edas, cuentos, poes\u00eda y cr\u00f3nicas hist\u00f3ricas basadas en el acontecer de la Ciudad Puerto.<br>En esta ocasi\u00f3n, adem\u00e1s de hacer un breve resumen de sus textos y editorial, profundiz\u00f3 en lo que era la vida en Valpara\u00edso a comienzos del 1900, poniendo \u00e9nfasis en grandes temas, como las migraciones, la pobreza y retraso de pol\u00edticas p\u00fablicas en temas tan centrales como la salud p\u00fablica, la criminalidad, el cuidado infantil, entre otros.<br>As\u00ed, l@s j\u00f3venes, atrav\u00e9s de muchas fotograf\u00edas e im\u00e1genes de diarios de \u00e9poca viajaron en el tiempo y pudieron constatar los problemas, oportunidades y desaf\u00edos que enfrentaba la ciudad a principios del Siglo XX, tiempo donde la viruela afect\u00f3 gravemente a la poblaci\u00f3n. Al a\u00f1o siguiente se produjo el terremoto de 1906; y adem\u00e1s estaban los problemas de seguridad y delincuencia que afectaban a la ciudad. Todos fueron hitos que marcaron el devenir de la Ciudad Puerto.<br>Agradecemos a Andr\u00e9s Garc\u00eda por la presentaci\u00f3n de alt\u00edsimo nivel, debido a la profundidad de las investigaciones y el material de excelente nivel mostrado.<br>Agradecemos a las profesoras Natalie Recabarren y B\u00e1rbara Mu\u00f1oz por el espacio regalado a l@s estudiantes.<\/p>\n\n\n\n<figure class=\"wp-block-gallery has-nested-images columns-default is-cropped wp-block-gallery-1 is-layout-flex wp-block-gallery-is-layout-flex\">\n<figure class=\"wp-block-image size-large\"><img fetchpriority=\"high\" decoding=\"async\" width=\"1024\" height=\"768\" data-id=\"25328\" src=\"https:\/\/ssr.cl\/home\/wp-content\/uploads\/2024\/04\/1-1-1024x768.png\" alt=\"\" class=\"wp-image-25328\" srcset=\"https:\/\/ssr.cl\/home\/wp-content\/uploads\/2024\/04\/1-1-1024x768.png 1024w, https:\/\/ssr.cl\/home\/wp-content\/uploads\/2024\/04\/1-1-300x225.png 300w, https:\/\/ssr.cl\/home\/wp-content\/uploads\/2024\/04\/1-1-768x576.png 768w, https:\/\/ssr.cl\/home\/wp-content\/uploads\/2024\/04\/1-1.png 1200w\" sizes=\"(max-width: 1024px) 100vw, 1024px\" \/><\/figure>\n\n\n\n<figure class=\"wp-block-image size-large\"><img decoding=\"async\" width=\"1024\" height=\"768\" data-id=\"25331\" src=\"https:\/\/ssr.cl\/home\/wp-content\/uploads\/2024\/04\/2-1-1024x768.png\" alt=\"\" class=\"wp-image-25331\" srcset=\"https:\/\/ssr.cl\/home\/wp-content\/uploads\/2024\/04\/2-1-1024x768.png 1024w, https:\/\/ssr.cl\/home\/wp-content\/uploads\/2024\/04\/2-1-300x225.png 300w, https:\/\/ssr.cl\/home\/wp-content\/uploads\/2024\/04\/2-1-768x576.png 768w, https:\/\/ssr.cl\/home\/wp-content\/uploads\/2024\/04\/2-1.png 1200w\" sizes=\"(max-width: 1024px) 100vw, 1024px\" \/><\/figure>\n\n\n\n<figure class=\"wp-block-image size-large\"><img decoding=\"async\" data-id=\"25330\" src=\"https:\/\/ssr.cl\/home\/wp-content\/uploads\/2024\/04\/3-1-1024x768.png\" alt=\"\" class=\"wp-image-25330\"\/><\/figure>\n\n\n\n<figure class=\"wp-block-image size-large\"><img decoding=\"async\" data-id=\"25329\" src=\"https:\/\/ssr.cl\/home\/wp-content\/uploads\/2024\/04\/4-1-1024x768.png\" alt=\"\" class=\"wp-image-25329\"\/><\/figure>\n<\/figure>\n","protected":false},"excerpt":{"rendered":"<p>El Museo Seminario Valpara\u00edso y el Departamento de Lenguaje organizaron un encuentro con el acad\u00e9mico, periodista y escritor Andr\u00e9s Garc\u00eda, dirigido a l@s estudiantes de II\u00b0 a IV\u00b0 Medio.Andr\u00e9s Garc\u00eda, el a\u00f1o 2016 cre\u00f3 la Editorial Crisantemo, con el fin de editar sus propios libros que abarcan diversos g\u00e9neros: novelas, biograf\u00edas, cuentos, poes\u00eda y cr\u00f3nicas [&hellip;]<\/p>\n","protected":false},"author":4,"featured_media":0,"comment_status":"open","ping_status":"open","sticky":false,"template":"","format":"standard","meta":{"footnotes":""},"categories":[71],"tags":[],"class_list":["post-25327","post","type-post","status-publish","format-standard","hentry","category-museo"],"_links":{"self":[{"href":"https:\/\/ssr.cl\/home\/wp-json\/wp\/v2\/posts\/25327","targetHints":{"allow":["GET"]}}],"collection":[{"href":"https:\/\/ssr.cl\/home\/wp-json\/wp\/v2\/posts"}],"about":[{"href":"https:\/\/ssr.cl\/home\/wp-json\/wp\/v2\/types\/post"}],"author":[{"embeddable":true,"href":"https:\/\/ssr.cl\/home\/wp-json\/wp\/v2\/users\/4"}],"replies":[{"embeddable":true,"href":"https:\/\/ssr.cl\/home\/wp-json\/wp\/v2\/comments?post=25327"}],"version-history":[{"count":2,"href":"https:\/\/ssr.cl\/home\/wp-json\/wp\/v2\/posts\/25327\/revisions"}],"predecessor-version":[{"id":25334,"href":"https:\/\/ssr.cl\/home\/wp-json\/wp\/v2\/posts\/25327\/revisions\/25334"}],"wp:attachment":[{"href":"https:\/\/ssr.cl\/home\/wp-json\/wp\/v2\/media?parent=25327"}],"wp:term":[{"taxonomy":"category","embeddable":true,"href":"https:\/\/ssr.cl\/home\/wp-json\/wp\/v2\/categories?post=25327"},{"taxonomy":"post_tag","embeddable":true,"href":"https:\/\/ssr.cl\/home\/wp-json\/wp\/v2\/tags?post=25327"}],"curies":[{"name":"wp","href":"https:\/\/api.w.org\/{rel}","templated":true}]}}