{"id":26186,"date":"2024-08-05T09:22:19","date_gmt":"2024-08-05T13:22:19","guid":{"rendered":"https:\/\/ssr.cl\/home\/?p=26186"},"modified":"2024-08-05T09:22:21","modified_gmt":"2024-08-05T13:22:21","slug":"2da-jornada-de-lideres-pastorales","status":"publish","type":"post","link":"https:\/\/ssr.cl\/home\/2da-jornada-de-lideres-pastorales\/","title":{"rendered":"2da  Jornada de l\u00edderes pastorales"},"content":{"rendered":"\n<p>Este viernes 26 de julio se realiz\u00f3 la \u201c2da Jornada de L\u00edderes Pastorales SSR\u201d en Lo V\u00e1squez, donde participaron estudiantes de 6to A 4to medio de ambas sedes, que participan en nuestros distintos grupos pastorales: scout, l\u00edderes cristianos, confirmaci\u00f3n, ENE y encargados de pastoral. En la ocasi\u00f3n vivieron una jornada donde se potenci\u00f3 su rol, conociendo distintas experiencias de j\u00f3venes misioneros y activistas y luego realizando trabajos para poner en pr\u00e1ctica estos conocimientos, a trav\u00e9s de la creaci\u00f3n de proyectos solidarios focalizados que aplicar\u00e1n dentro del semestre.<\/p>\n\n\n\n<p>Cabe destacar que en esta ocasi\u00f3n nos acompa\u00f1aron tres j\u00f3venes de la comunidad religiosa Misioneras de Cristo Resucitado, provenientes de Italia, Argentina y Chile, quienes pudieron compartir sus experiencias y motivar a l@ participantes a dar vida al llamado de ir a servir a los dem\u00e1s.<\/p>\n\n\n\n<p>Agradecemos a tod@s nuestros estudiantes y sus profesor@s que participaron en este encuentro, ya que su vocaci\u00f3n de servicio, su entusiasmo, fe y testimonio no s\u00f3lo permiten ayudar a distintas personas y comunidades durante el a\u00f1o, sino revitalizar nuestro lema \u201cVayan con alegr\u00eda a servir\u201d.<\/p>\n\n\n\n<figure class=\"wp-block-gallery has-nested-images columns-default is-cropped wp-block-gallery-1 is-layout-flex wp-block-gallery-is-layout-flex\">\n<figure class=\"wp-block-image size-large\"><img fetchpriority=\"high\" decoding=\"async\" width=\"1024\" height=\"768\" data-id=\"26188\" src=\"https:\/\/ssr.cl\/home\/wp-content\/uploads\/2024\/08\/Jornada-Ag-Past-1-ch-1024x768.jpg\" alt=\"\" class=\"wp-image-26188\" srcset=\"https:\/\/ssr.cl\/home\/wp-content\/uploads\/2024\/08\/Jornada-Ag-Past-1-ch-1024x768.jpg 1024w, https:\/\/ssr.cl\/home\/wp-content\/uploads\/2024\/08\/Jornada-Ag-Past-1-ch-300x225.jpg 300w, https:\/\/ssr.cl\/home\/wp-content\/uploads\/2024\/08\/Jornada-Ag-Past-1-ch-768x576.jpg 768w, https:\/\/ssr.cl\/home\/wp-content\/uploads\/2024\/08\/Jornada-Ag-Past-1-ch.jpg 1200w\" sizes=\"(max-width: 1024px) 100vw, 1024px\" \/><\/figure>\n\n\n\n<figure class=\"wp-block-image size-large\"><img decoding=\"async\" width=\"1024\" height=\"768\" data-id=\"26187\" src=\"https:\/\/ssr.cl\/home\/wp-content\/uploads\/2024\/08\/Jornada-Ag-Past-2-ch-1024x768.jpg\" alt=\"\" class=\"wp-image-26187\" srcset=\"https:\/\/ssr.cl\/home\/wp-content\/uploads\/2024\/08\/Jornada-Ag-Past-2-ch-1024x768.jpg 1024w, https:\/\/ssr.cl\/home\/wp-content\/uploads\/2024\/08\/Jornada-Ag-Past-2-ch-300x225.jpg 300w, https:\/\/ssr.cl\/home\/wp-content\/uploads\/2024\/08\/Jornada-Ag-Past-2-ch-768x576.jpg 768w, https:\/\/ssr.cl\/home\/wp-content\/uploads\/2024\/08\/Jornada-Ag-Past-2-ch.jpg 1200w\" sizes=\"(max-width: 1024px) 100vw, 1024px\" \/><\/figure>\n\n\n\n<figure class=\"wp-block-image size-large\"><img decoding=\"async\" width=\"1024\" height=\"768\" data-id=\"26189\" src=\"https:\/\/ssr.cl\/home\/wp-content\/uploads\/2024\/08\/Jornada-Ag-Past-3-ch-1024x768.jpg\" alt=\"\" class=\"wp-image-26189\" srcset=\"https:\/\/ssr.cl\/home\/wp-content\/uploads\/2024\/08\/Jornada-Ag-Past-3-ch-1024x768.jpg 1024w, https:\/\/ssr.cl\/home\/wp-content\/uploads\/2024\/08\/Jornada-Ag-Past-3-ch-300x225.jpg 300w, https:\/\/ssr.cl\/home\/wp-content\/uploads\/2024\/08\/Jornada-Ag-Past-3-ch-768x576.jpg 768w, https:\/\/ssr.cl\/home\/wp-content\/uploads\/2024\/08\/Jornada-Ag-Past-3-ch.jpg 1200w\" sizes=\"(max-width: 1024px) 100vw, 1024px\" \/><\/figure>\n<\/figure>\n","protected":false},"excerpt":{"rendered":"<p>Este viernes 26 de julio se realiz\u00f3 la \u201c2da Jornada de L\u00edderes Pastorales SSR\u201d en Lo V\u00e1squez, donde participaron estudiantes de 6to A 4to medio de ambas sedes, que participan en nuestros distintos grupos pastorales: scout, l\u00edderes cristianos, confirmaci\u00f3n, ENE y encargados de pastoral. En la ocasi\u00f3n vivieron una jornada donde se potenci\u00f3 su rol, [&hellip;]<\/p>\n","protected":false},"author":4,"featured_media":26189,"comment_status":"open","ping_status":"open","sticky":false,"template":"","format":"standard","meta":{"footnotes":""},"categories":[63,67],"tags":[188,227,228,180,229,230],"class_list":["post-26186","post","type-post","status-publish","format-standard","has-post-thumbnail","hentry","category-formacion","category-campamento-de-formacion-cristiana","tag-fe","tag-lideres-cristianos","tag-lideres-pastorales","tag-pastoral","tag-servicio","tag-testimonio"],"_links":{"self":[{"href":"https:\/\/ssr.cl\/home\/wp-json\/wp\/v2\/posts\/26186","targetHints":{"allow":["GET"]}}],"collection":[{"href":"https:\/\/ssr.cl\/home\/wp-json\/wp\/v2\/posts"}],"about":[{"href":"https:\/\/ssr.cl\/home\/wp-json\/wp\/v2\/types\/post"}],"author":[{"embeddable":true,"href":"https:\/\/ssr.cl\/home\/wp-json\/wp\/v2\/users\/4"}],"replies":[{"embeddable":true,"href":"https:\/\/ssr.cl\/home\/wp-json\/wp\/v2\/comments?post=26186"}],"version-history":[{"count":1,"href":"https:\/\/ssr.cl\/home\/wp-json\/wp\/v2\/posts\/26186\/revisions"}],"predecessor-version":[{"id":26190,"href":"https:\/\/ssr.cl\/home\/wp-json\/wp\/v2\/posts\/26186\/revisions\/26190"}],"wp:featuredmedia":[{"embeddable":true,"href":"https:\/\/ssr.cl\/home\/wp-json\/wp\/v2\/media\/26189"}],"wp:attachment":[{"href":"https:\/\/ssr.cl\/home\/wp-json\/wp\/v2\/media?parent=26186"}],"wp:term":[{"taxonomy":"category","embeddable":true,"href":"https:\/\/ssr.cl\/home\/wp-json\/wp\/v2\/categories?post=26186"},{"taxonomy":"post_tag","embeddable":true,"href":"https:\/\/ssr.cl\/home\/wp-json\/wp\/v2\/tags?post=26186"}],"curies":[{"name":"wp","href":"https:\/\/api.w.org\/{rel}","templated":true}]}}