{"id":26275,"date":"2024-08-13T12:01:59","date_gmt":"2024-08-13T16:01:59","guid":{"rendered":"https:\/\/ssr.cl\/home\/?p=26275"},"modified":"2024-08-13T12:02:04","modified_gmt":"2024-08-13T16:02:04","slug":"orientacion-desarrollando-el-conocimiento-y-la-autoestima-en-3-basico","status":"publish","type":"post","link":"https:\/\/ssr.cl\/home\/orientacion-desarrollando-el-conocimiento-y-la-autoestima-en-3-basico\/","title":{"rendered":"Orientaci\u00f3n: Desarrollando el conocimiento y la autoestima en 3\u00b0 b\u00e1sico"},"content":{"rendered":"\n<p>En nuestro colegio, consideramos que trabajar el autoconocimiento y una autoestima positiva es fundamental para el crecimiento integral de nuestr@s ni\u00f1@s. Con este prop\u00f3sito, l@s estudiantes de 3\u00ba B\u00e1sico participaron en una enriquecedora actividad durante la clase de Orientaci\u00f3n.<br>La actividad consisti\u00f3 en confeccionar flores personalizadas, en las cuales cada estudiante insert\u00f3 su autorretrato. Alrededor de su imagen, plasmaron las cualidades positivas que reconocen en s\u00ed mismos, creando un entorno de autoafirmaci\u00f3n y orgullo personal.<br>Adem\u00e1s, la din\u00e1mica no solo se centr\u00f3 en el autoconocimiento individual, sino que tambi\u00e9n invit\u00f3 a l@s ni\u00f1@s a compartir sus autorretratos con sus compa\u00f1er@s. Esto permiti\u00f3 descubrir similitudes y diferencias entre ell@s, fomentando el respeto mutuo y la valoraci\u00f3n de la diversidad.<br>Este tipo de actividades no solo fortalecen la autoestima, sino que tambi\u00e9n ayudan a nuestr@s estudiantes a desarrollar un mayor sentido de empat\u00eda y comprensi\u00f3n hacia los dem\u00e1s, valores esenciales en la formaci\u00f3n de personas \u00edntegras y respetuosas. <br>\u00a1Felicitamos a l@s ni\u00f1@s de 3\u00ba B\u00e1sico por su entusiasmo y creatividad en esta actividad!<\/p>\n\n\n\n<figure class=\"wp-block-gallery has-nested-images columns-default is-cropped wp-block-gallery-1 is-layout-flex wp-block-gallery-is-layout-flex\">\n<figure class=\"wp-block-image size-large\"><img fetchpriority=\"high\" decoding=\"async\" width=\"1024\" height=\"768\" data-id=\"26276\" src=\"https:\/\/ssr.cl\/home\/wp-content\/uploads\/2024\/08\/1-web-ch-1024x768.jpg\" alt=\"\" class=\"wp-image-26276\" srcset=\"https:\/\/ssr.cl\/home\/wp-content\/uploads\/2024\/08\/1-web-ch-1024x768.jpg 1024w, https:\/\/ssr.cl\/home\/wp-content\/uploads\/2024\/08\/1-web-ch-300x225.jpg 300w, https:\/\/ssr.cl\/home\/wp-content\/uploads\/2024\/08\/1-web-ch-768x576.jpg 768w, https:\/\/ssr.cl\/home\/wp-content\/uploads\/2024\/08\/1-web-ch.jpg 1200w\" sizes=\"(max-width: 1024px) 100vw, 1024px\" \/><\/figure>\n\n\n\n<figure class=\"wp-block-image size-large\"><img decoding=\"async\" width=\"1024\" height=\"768\" data-id=\"26277\" src=\"https:\/\/ssr.cl\/home\/wp-content\/uploads\/2024\/08\/2-web-ch-1024x768.jpg\" alt=\"\" class=\"wp-image-26277\" srcset=\"https:\/\/ssr.cl\/home\/wp-content\/uploads\/2024\/08\/2-web-ch-1024x768.jpg 1024w, https:\/\/ssr.cl\/home\/wp-content\/uploads\/2024\/08\/2-web-ch-300x225.jpg 300w, https:\/\/ssr.cl\/home\/wp-content\/uploads\/2024\/08\/2-web-ch-768x576.jpg 768w, https:\/\/ssr.cl\/home\/wp-content\/uploads\/2024\/08\/2-web-ch.jpg 1200w\" sizes=\"(max-width: 1024px) 100vw, 1024px\" \/><\/figure>\n\n\n\n<figure class=\"wp-block-image size-large\"><img decoding=\"async\" width=\"1024\" height=\"768\" data-id=\"26278\" src=\"https:\/\/ssr.cl\/home\/wp-content\/uploads\/2024\/08\/3-web-ch-1024x768.jpg\" alt=\"\" class=\"wp-image-26278\" srcset=\"https:\/\/ssr.cl\/home\/wp-content\/uploads\/2024\/08\/3-web-ch-1024x768.jpg 1024w, https:\/\/ssr.cl\/home\/wp-content\/uploads\/2024\/08\/3-web-ch-300x225.jpg 300w, https:\/\/ssr.cl\/home\/wp-content\/uploads\/2024\/08\/3-web-ch-768x576.jpg 768w, https:\/\/ssr.cl\/home\/wp-content\/uploads\/2024\/08\/3-web-ch.jpg 1200w\" sizes=\"(max-width: 1024px) 100vw, 1024px\" \/><\/figure>\n<\/figure>\n","protected":false},"excerpt":{"rendered":"<p>En nuestro colegio, consideramos que trabajar el autoconocimiento y una autoestima positiva es fundamental para el crecimiento integral de nuestr@s ni\u00f1@s. Con este prop\u00f3sito, l@s estudiantes de 3\u00ba B\u00e1sico participaron en una enriquecedora actividad durante la clase de Orientaci\u00f3n.La actividad consisti\u00f3 en confeccionar flores personalizadas, en las cuales cada estudiante insert\u00f3 su autorretrato. Alrededor de [&hellip;]<\/p>\n","protected":false},"author":4,"featured_media":26277,"comment_status":"open","ping_status":"open","sticky":false,"template":"","format":"standard","meta":{"footnotes":""},"categories":[72],"tags":[259,258,260,264,261,257,263],"class_list":["post-26275","post","type-post","status-publish","format-standard","has-post-thumbnail","hentry","category-daa","tag-autoconocimiento","tag-autoestima","tag-cualidades","tag-diversidad","tag-orgullo-personal","tag-orientacion","tag-respeto"],"_links":{"self":[{"href":"https:\/\/ssr.cl\/home\/wp-json\/wp\/v2\/posts\/26275","targetHints":{"allow":["GET"]}}],"collection":[{"href":"https:\/\/ssr.cl\/home\/wp-json\/wp\/v2\/posts"}],"about":[{"href":"https:\/\/ssr.cl\/home\/wp-json\/wp\/v2\/types\/post"}],"author":[{"embeddable":true,"href":"https:\/\/ssr.cl\/home\/wp-json\/wp\/v2\/users\/4"}],"replies":[{"embeddable":true,"href":"https:\/\/ssr.cl\/home\/wp-json\/wp\/v2\/comments?post=26275"}],"version-history":[{"count":1,"href":"https:\/\/ssr.cl\/home\/wp-json\/wp\/v2\/posts\/26275\/revisions"}],"predecessor-version":[{"id":26279,"href":"https:\/\/ssr.cl\/home\/wp-json\/wp\/v2\/posts\/26275\/revisions\/26279"}],"wp:featuredmedia":[{"embeddable":true,"href":"https:\/\/ssr.cl\/home\/wp-json\/wp\/v2\/media\/26277"}],"wp:attachment":[{"href":"https:\/\/ssr.cl\/home\/wp-json\/wp\/v2\/media?parent=26275"}],"wp:term":[{"taxonomy":"category","embeddable":true,"href":"https:\/\/ssr.cl\/home\/wp-json\/wp\/v2\/categories?post=26275"},{"taxonomy":"post_tag","embeddable":true,"href":"https:\/\/ssr.cl\/home\/wp-json\/wp\/v2\/tags?post=26275"}],"curies":[{"name":"wp","href":"https:\/\/api.w.org\/{rel}","templated":true}]}}