{"id":26627,"date":"2024-09-26T14:39:22","date_gmt":"2024-09-26T17:39:22","guid":{"rendered":"https:\/\/ssr.cl\/home\/?p=26627"},"modified":"2024-09-26T14:39:26","modified_gmt":"2024-09-26T17:39:26","slug":"snpc-realiza-entretenido-taller-hotel-de-insectos","status":"publish","type":"post","link":"https:\/\/ssr.cl\/home\/snpc-realiza-entretenido-taller-hotel-de-insectos\/","title":{"rendered":"SNPC realiza entretenido taller \u00abHotel de Insectos\u00bb"},"content":{"rendered":"\n<p>Una hermosa jornada enfocada en el conocimiento y protecci\u00f3n del medioambiente vivieron hoy l@s estudiantes de la Brigada Patrimonial del Museo Seminario Valpara\u00edso (MSV) y los L\u00edderes Cristianos, al participar en un entretenido taller denominado \u201cHotel de insectos\u201d. <\/p>\n\n\n\n<p>La actividad se desarroll\u00f3 en el marco del Proyecto de Educaci\u00f3n Ambiental del SSR y el trabajo de articulaci\u00f3n pedag\u00f3gica del MSV, y fue liderada por Pablo Jaramillo y Camila Figueroa, especialistas en mediaci\u00f3n y educaci\u00f3n medioambiental del Servicio Nacional del Patrimonio Cultural de Valpara\u00edso. <\/p>\n\n\n\n<p>Las y los estudiantes aprendieron la importancia de los insectos en el medio ambiente al cumplir la funci\u00f3n de polinizadores, descomponedores de materia org\u00e1nica, dispersores de semillas, por nombrar algunas, todas ellas claves, porque\u00a0permiten que los ecosistemas se prolonguen en el tiempo. Tambi\u00e9n su rol en las cadenas tr\u00f3ficas, la forma de organizar su h\u00e1bitat, los mitos asociados a ellos, el efecto de los pesticidas en los ecosistemas, entre otros<\/p>\n\n\n\n<p>Muchas gracias a tod@s quienes hicieron posible esta instancia de aprendizaje, ya que nuestr@s alumn@s quedaron felices. Ma\u00f1ana continuar\u00e1 el programa de capacitaci\u00f3n, pero esta vez para los integrantes del Taller de Huertos y los brigadistas patrimoniales.<\/p>\n\n\n\n<figure class=\"wp-block-gallery has-nested-images columns-default is-cropped wp-block-gallery-1 is-layout-flex wp-block-gallery-is-layout-flex\">\n<figure class=\"wp-block-image size-large\"><img fetchpriority=\"high\" decoding=\"async\" width=\"1024\" height=\"768\" data-id=\"26630\" src=\"https:\/\/ssr.cl\/home\/wp-content\/uploads\/2024\/09\/Hotel-1-ch.jpg\" alt=\"\" class=\"wp-image-26630\" srcset=\"https:\/\/ssr.cl\/home\/wp-content\/uploads\/2024\/09\/Hotel-1-ch.jpg 1024w, https:\/\/ssr.cl\/home\/wp-content\/uploads\/2024\/09\/Hotel-1-ch-300x225.jpg 300w, https:\/\/ssr.cl\/home\/wp-content\/uploads\/2024\/09\/Hotel-1-ch-768x576.jpg 768w\" sizes=\"(max-width: 1024px) 100vw, 1024px\" \/><\/figure>\n\n\n\n<figure class=\"wp-block-image size-large\"><img decoding=\"async\" width=\"1024\" height=\"768\" data-id=\"26629\" src=\"https:\/\/ssr.cl\/home\/wp-content\/uploads\/2024\/09\/Hotel-2-ch.jpg\" alt=\"\" class=\"wp-image-26629\" srcset=\"https:\/\/ssr.cl\/home\/wp-content\/uploads\/2024\/09\/Hotel-2-ch.jpg 1024w, https:\/\/ssr.cl\/home\/wp-content\/uploads\/2024\/09\/Hotel-2-ch-300x225.jpg 300w, https:\/\/ssr.cl\/home\/wp-content\/uploads\/2024\/09\/Hotel-2-ch-768x576.jpg 768w\" sizes=\"(max-width: 1024px) 100vw, 1024px\" \/><\/figure>\n\n\n\n<figure class=\"wp-block-image size-large\"><img decoding=\"async\" width=\"1024\" height=\"768\" data-id=\"26628\" src=\"https:\/\/ssr.cl\/home\/wp-content\/uploads\/2024\/09\/Hotel-3-ch.jpg\" alt=\"\" class=\"wp-image-26628\" srcset=\"https:\/\/ssr.cl\/home\/wp-content\/uploads\/2024\/09\/Hotel-3-ch.jpg 1024w, https:\/\/ssr.cl\/home\/wp-content\/uploads\/2024\/09\/Hotel-3-ch-300x225.jpg 300w, https:\/\/ssr.cl\/home\/wp-content\/uploads\/2024\/09\/Hotel-3-ch-768x576.jpg 768w\" sizes=\"(max-width: 1024px) 100vw, 1024px\" \/><\/figure>\n<\/figure>\n","protected":false},"excerpt":{"rendered":"<p>Una hermosa jornada enfocada en el conocimiento y protecci\u00f3n del medioambiente vivieron hoy l@s estudiantes de la Brigada Patrimonial del Museo Seminario Valpara\u00edso (MSV) y los L\u00edderes Cristianos, al participar en un entretenido taller denominado \u201cHotel de insectos\u201d. La actividad se desarroll\u00f3 en el marco del Proyecto de Educaci\u00f3n Ambiental del SSR y el trabajo [&hellip;]<\/p>\n","protected":false},"author":4,"featured_media":26629,"comment_status":"open","ping_status":"open","sticky":false,"template":"","format":"standard","meta":{"footnotes":""},"categories":[71],"tags":[349,89,348,347,91],"class_list":["post-26627","post","type-post","status-publish","format-standard","has-post-thumbnail","hentry","category-museo","tag-coleopteros","tag-educacion-ambiental","tag-fauna","tag-insectos","tag-medio-ambiente"],"_links":{"self":[{"href":"https:\/\/ssr.cl\/home\/wp-json\/wp\/v2\/posts\/26627","targetHints":{"allow":["GET"]}}],"collection":[{"href":"https:\/\/ssr.cl\/home\/wp-json\/wp\/v2\/posts"}],"about":[{"href":"https:\/\/ssr.cl\/home\/wp-json\/wp\/v2\/types\/post"}],"author":[{"embeddable":true,"href":"https:\/\/ssr.cl\/home\/wp-json\/wp\/v2\/users\/4"}],"replies":[{"embeddable":true,"href":"https:\/\/ssr.cl\/home\/wp-json\/wp\/v2\/comments?post=26627"}],"version-history":[{"count":1,"href":"https:\/\/ssr.cl\/home\/wp-json\/wp\/v2\/posts\/26627\/revisions"}],"predecessor-version":[{"id":26631,"href":"https:\/\/ssr.cl\/home\/wp-json\/wp\/v2\/posts\/26627\/revisions\/26631"}],"wp:featuredmedia":[{"embeddable":true,"href":"https:\/\/ssr.cl\/home\/wp-json\/wp\/v2\/media\/26629"}],"wp:attachment":[{"href":"https:\/\/ssr.cl\/home\/wp-json\/wp\/v2\/media?parent=26627"}],"wp:term":[{"taxonomy":"category","embeddable":true,"href":"https:\/\/ssr.cl\/home\/wp-json\/wp\/v2\/categories?post=26627"},{"taxonomy":"post_tag","embeddable":true,"href":"https:\/\/ssr.cl\/home\/wp-json\/wp\/v2\/tags?post=26627"}],"curies":[{"name":"wp","href":"https:\/\/api.w.org\/{rel}","templated":true}]}}