{"id":26671,"date":"2024-10-07T12:34:49","date_gmt":"2024-10-07T15:34:49","guid":{"rendered":"https:\/\/ssr.cl\/home\/?p=26671"},"modified":"2024-10-07T12:34:52","modified_gmt":"2024-10-07T15:34:52","slug":"celebracion-de-san-rafael-en-vina-del-mar","status":"publish","type":"post","link":"https:\/\/ssr.cl\/home\/celebracion-de-san-rafael-en-vina-del-mar\/","title":{"rendered":"Celebraci\u00f3n de San Rafael en Vi\u00f1a del Mar"},"content":{"rendered":"\n<p>Una bella imagen de nuestro patrono, pintada por el artista visual porte\u00f1o y ex profesor de Artes SSR Pablo Lara,\u00a0fue bendecida y entronizada en la capilla del Ciclo B\u00e1sico durante una emotiva ceremonia religiosa, quedando como legado para inspirar a nuestra comunidad educativa y las generaciones venideras. Adem\u00e1s, se hizo entrega a cada curso de un \u201cSan Rafaelito\u201d, una figura del arc\u00e1ngel que estar\u00e1 visitando las casas de l@s alumnos junto a una bit\u00e1cora para motivar a las familias a reflexionar unidas sobre la fe. <\/p>\n\n\n\n<p>El Ciclo Medio celebr\u00f3 con una misa oficiada por el capell\u00e1n P. Erwin Prieto, que cont\u00f3 con la presencia de las autoridades del colegio, la presidenta del Centro de Padres y representantes de la comunidad externa, incluyendo a la directora del Instituto Vicente Mosqueto y miembros de la Junta de Vecinos. <\/p>\n\n\n\n<p>\u00a1Muchas gracias a tod@s quienes ayudaron a organizar estas actividades, a Pablo Lara por su maravillosa obra y a quienes nos acompa\u00f1aron en una jornada tan significativa! <\/p>\n\n\n\n<figure class=\"wp-block-gallery has-nested-images columns-default is-cropped wp-block-gallery-1 is-layout-flex wp-block-gallery-is-layout-flex\">\n<figure class=\"wp-block-image size-large\"><img fetchpriority=\"high\" decoding=\"async\" width=\"1024\" height=\"768\" data-id=\"26672\" src=\"https:\/\/ssr.cl\/home\/wp-content\/uploads\/2024\/10\/1-Entronizac-San-rafael-ch-1024x768.jpg\" alt=\"\" class=\"wp-image-26672\" srcset=\"https:\/\/ssr.cl\/home\/wp-content\/uploads\/2024\/10\/1-Entronizac-San-rafael-ch-1024x768.jpg 1024w, https:\/\/ssr.cl\/home\/wp-content\/uploads\/2024\/10\/1-Entronizac-San-rafael-ch-300x225.jpg 300w, https:\/\/ssr.cl\/home\/wp-content\/uploads\/2024\/10\/1-Entronizac-San-rafael-ch-768x576.jpg 768w, https:\/\/ssr.cl\/home\/wp-content\/uploads\/2024\/10\/1-Entronizac-San-rafael-ch.jpg 1200w\" sizes=\"(max-width: 1024px) 100vw, 1024px\" \/><\/figure>\n\n\n\n<figure class=\"wp-block-image size-large\"><img decoding=\"async\" width=\"1024\" height=\"768\" data-id=\"26673\" src=\"https:\/\/ssr.cl\/home\/wp-content\/uploads\/2024\/10\/2-Entronizac-San-rafael-ch-1024x768.jpg\" alt=\"\" class=\"wp-image-26673\" srcset=\"https:\/\/ssr.cl\/home\/wp-content\/uploads\/2024\/10\/2-Entronizac-San-rafael-ch-1024x768.jpg 1024w, https:\/\/ssr.cl\/home\/wp-content\/uploads\/2024\/10\/2-Entronizac-San-rafael-ch-300x225.jpg 300w, https:\/\/ssr.cl\/home\/wp-content\/uploads\/2024\/10\/2-Entronizac-San-rafael-ch-768x576.jpg 768w, https:\/\/ssr.cl\/home\/wp-content\/uploads\/2024\/10\/2-Entronizac-San-rafael-ch.jpg 1200w\" sizes=\"(max-width: 1024px) 100vw, 1024px\" \/><\/figure>\n\n\n\n<figure class=\"wp-block-image size-large\"><img decoding=\"async\" width=\"1024\" height=\"768\" data-id=\"26674\" src=\"https:\/\/ssr.cl\/home\/wp-content\/uploads\/2024\/10\/4-Entronizac-San-rafael-ch-1024x768.jpg\" alt=\"\" class=\"wp-image-26674\" srcset=\"https:\/\/ssr.cl\/home\/wp-content\/uploads\/2024\/10\/4-Entronizac-San-rafael-ch-1024x768.jpg 1024w, https:\/\/ssr.cl\/home\/wp-content\/uploads\/2024\/10\/4-Entronizac-San-rafael-ch-300x225.jpg 300w, https:\/\/ssr.cl\/home\/wp-content\/uploads\/2024\/10\/4-Entronizac-San-rafael-ch-768x576.jpg 768w, https:\/\/ssr.cl\/home\/wp-content\/uploads\/2024\/10\/4-Entronizac-San-rafael-ch.jpg 1200w\" sizes=\"(max-width: 1024px) 100vw, 1024px\" \/><\/figure>\n<\/figure>\n\n\n\n<figure class=\"wp-block-gallery has-nested-images columns-default is-cropped wp-block-gallery-2 is-layout-flex wp-block-gallery-is-layout-flex\">\n<figure class=\"wp-block-image size-large\"><img loading=\"lazy\" decoding=\"async\" width=\"1024\" height=\"768\" data-id=\"26675\" src=\"https:\/\/ssr.cl\/home\/wp-content\/uploads\/2024\/10\/8-Entronizac-San-rafael-ch-1024x768.jpg\" alt=\"\" class=\"wp-image-26675\" srcset=\"https:\/\/ssr.cl\/home\/wp-content\/uploads\/2024\/10\/8-Entronizac-San-rafael-ch-1024x768.jpg 1024w, https:\/\/ssr.cl\/home\/wp-content\/uploads\/2024\/10\/8-Entronizac-San-rafael-ch-300x225.jpg 300w, https:\/\/ssr.cl\/home\/wp-content\/uploads\/2024\/10\/8-Entronizac-San-rafael-ch-768x576.jpg 768w, https:\/\/ssr.cl\/home\/wp-content\/uploads\/2024\/10\/8-Entronizac-San-rafael-ch.jpg 1200w\" sizes=\"(max-width: 1024px) 100vw, 1024px\" \/><\/figure>\n\n\n\n<figure class=\"wp-block-image size-large\"><img loading=\"lazy\" decoding=\"async\" width=\"1024\" height=\"768\" data-id=\"26676\" src=\"https:\/\/ssr.cl\/home\/wp-content\/uploads\/2024\/10\/9-Entronizac-San-rafael-ch-1024x768.jpg\" alt=\"\" class=\"wp-image-26676\" srcset=\"https:\/\/ssr.cl\/home\/wp-content\/uploads\/2024\/10\/9-Entronizac-San-rafael-ch-1024x768.jpg 1024w, https:\/\/ssr.cl\/home\/wp-content\/uploads\/2024\/10\/9-Entronizac-San-rafael-ch-300x225.jpg 300w, https:\/\/ssr.cl\/home\/wp-content\/uploads\/2024\/10\/9-Entronizac-San-rafael-ch-768x576.jpg 768w, https:\/\/ssr.cl\/home\/wp-content\/uploads\/2024\/10\/9-Entronizac-San-rafael-ch.jpg 1200w\" sizes=\"(max-width: 1024px) 100vw, 1024px\" \/><\/figure>\n\n\n\n<figure class=\"wp-block-image size-large\"><img loading=\"lazy\" decoding=\"async\" width=\"1024\" height=\"768\" data-id=\"26677\" src=\"https:\/\/ssr.cl\/home\/wp-content\/uploads\/2024\/10\/10-Entronizac-San-rafael-ch-1024x768.jpg\" alt=\"\" class=\"wp-image-26677\" srcset=\"https:\/\/ssr.cl\/home\/wp-content\/uploads\/2024\/10\/10-Entronizac-San-rafael-ch-1024x768.jpg 1024w, https:\/\/ssr.cl\/home\/wp-content\/uploads\/2024\/10\/10-Entronizac-San-rafael-ch-300x225.jpg 300w, https:\/\/ssr.cl\/home\/wp-content\/uploads\/2024\/10\/10-Entronizac-San-rafael-ch-768x576.jpg 768w, https:\/\/ssr.cl\/home\/wp-content\/uploads\/2024\/10\/10-Entronizac-San-rafael-ch.jpg 1200w\" sizes=\"(max-width: 1024px) 100vw, 1024px\" \/><\/figure>\n<\/figure>\n","protected":false},"excerpt":{"rendered":"<p>Una bella imagen de nuestro patrono, pintada por el artista visual porte\u00f1o y ex profesor de Artes SSR Pablo Lara,\u00a0fue bendecida y entronizada en la capilla del Ciclo B\u00e1sico durante una emotiva ceremonia religiosa, quedando como legado para inspirar a nuestra comunidad educativa y las generaciones venideras. Adem\u00e1s, se hizo entrega a cada curso de [&hellip;]<\/p>\n","protected":false},"author":4,"featured_media":26672,"comment_status":"open","ping_status":"open","sticky":false,"template":"","format":"standard","meta":{"footnotes":""},"categories":[1],"tags":[],"class_list":["post-26671","post","type-post","status-publish","format-standard","has-post-thumbnail","hentry","category-uncategorized"],"_links":{"self":[{"href":"https:\/\/ssr.cl\/home\/wp-json\/wp\/v2\/posts\/26671","targetHints":{"allow":["GET"]}}],"collection":[{"href":"https:\/\/ssr.cl\/home\/wp-json\/wp\/v2\/posts"}],"about":[{"href":"https:\/\/ssr.cl\/home\/wp-json\/wp\/v2\/types\/post"}],"author":[{"embeddable":true,"href":"https:\/\/ssr.cl\/home\/wp-json\/wp\/v2\/users\/4"}],"replies":[{"embeddable":true,"href":"https:\/\/ssr.cl\/home\/wp-json\/wp\/v2\/comments?post=26671"}],"version-history":[{"count":1,"href":"https:\/\/ssr.cl\/home\/wp-json\/wp\/v2\/posts\/26671\/revisions"}],"predecessor-version":[{"id":26678,"href":"https:\/\/ssr.cl\/home\/wp-json\/wp\/v2\/posts\/26671\/revisions\/26678"}],"wp:featuredmedia":[{"embeddable":true,"href":"https:\/\/ssr.cl\/home\/wp-json\/wp\/v2\/media\/26672"}],"wp:attachment":[{"href":"https:\/\/ssr.cl\/home\/wp-json\/wp\/v2\/media?parent=26671"}],"wp:term":[{"taxonomy":"category","embeddable":true,"href":"https:\/\/ssr.cl\/home\/wp-json\/wp\/v2\/categories?post=26671"},{"taxonomy":"post_tag","embeddable":true,"href":"https:\/\/ssr.cl\/home\/wp-json\/wp\/v2\/tags?post=26671"}],"curies":[{"name":"wp","href":"https:\/\/api.w.org\/{rel}","templated":true}]}}