{"id":26783,"date":"2024-10-28T08:33:12","date_gmt":"2024-10-28T11:33:12","guid":{"rendered":"https:\/\/ssr.cl\/home\/?p=26783"},"modified":"2024-10-28T08:33:15","modified_gmt":"2024-10-28T11:33:15","slug":"estudiantes-de-iii-medio-reciben-sacramento-de-la-confirmacion","status":"publish","type":"post","link":"https:\/\/ssr.cl\/home\/estudiantes-de-iii-medio-reciben-sacramento-de-la-confirmacion\/","title":{"rendered":"Estudiantes de III Medio reciben sacramento de la Confirmaci\u00f3n"},"content":{"rendered":"\n<p>As\u00ed se vivi\u00f3 el Sacramento de la Confirmaci\u00f3n de 38 estudiantes de 3ro medio, quienes durante un a\u00f1o se prepararon para este encuentro con Jes\u00fas y la renovaci\u00f3n de su fe. La ceremonia fue presidida por Monse\u00f1or Jorge Vega, durante la tarde del d\u00eda jueves 24 de octubre en la Parroquia Nuestra Se\u00f1ora de los Dolores, Vi\u00f1a del Mar.<\/p>\n\n\n\n<p> Este sacramentos busca fortalecer fe de los confirmados prepar\u00e1ndolos para enfrentar la vida con valores s\u00f3lidos y con la presencia de Dios en sus corazones.<\/p>\n\n\n\n<p> Felicitaciones a todos los confirmados por este importante paso en su vida espiritual y agradecemos a Monse\u00f1or Jorge Vega, a los catequistas, padrinos, familias y todos a quienes acompa\u00f1aron a los estudiantes en este significativo camino de preparaci\u00f3n y crecimiento espiritual.<\/p>\n\n\n\n<p>Como comunidad escolar nos sentimos profundamente orgullosos de acompa\u00f1arlos en este importante paso de su camino espiritual. \u00a1Que la luz y la gracia de Dios los iluminen siempre!<\/p>\n\n\n\n<figure class=\"wp-block-gallery has-nested-images columns-default is-cropped wp-block-gallery-1 is-layout-flex wp-block-gallery-is-layout-flex\">\n<figure class=\"wp-block-image size-large\"><img fetchpriority=\"high\" decoding=\"async\" width=\"1024\" height=\"768\" data-id=\"26784\" src=\"https:\/\/ssr.cl\/home\/wp-content\/uploads\/2024\/10\/1-web-1024x768.jpg\" alt=\"\" class=\"wp-image-26784\" srcset=\"https:\/\/ssr.cl\/home\/wp-content\/uploads\/2024\/10\/1-web-1024x768.jpg 1024w, https:\/\/ssr.cl\/home\/wp-content\/uploads\/2024\/10\/1-web-300x225.jpg 300w, https:\/\/ssr.cl\/home\/wp-content\/uploads\/2024\/10\/1-web-768x576.jpg 768w, https:\/\/ssr.cl\/home\/wp-content\/uploads\/2024\/10\/1-web.jpg 1200w\" sizes=\"(max-width: 1024px) 100vw, 1024px\" \/><\/figure>\n\n\n\n<figure class=\"wp-block-image size-large\"><img decoding=\"async\" width=\"1024\" height=\"768\" data-id=\"26789\" src=\"https:\/\/ssr.cl\/home\/wp-content\/uploads\/2024\/10\/2-web-1024x768.jpg\" alt=\"\" class=\"wp-image-26789\" srcset=\"https:\/\/ssr.cl\/home\/wp-content\/uploads\/2024\/10\/2-web-1024x768.jpg 1024w, https:\/\/ssr.cl\/home\/wp-content\/uploads\/2024\/10\/2-web-300x225.jpg 300w, https:\/\/ssr.cl\/home\/wp-content\/uploads\/2024\/10\/2-web-768x576.jpg 768w, https:\/\/ssr.cl\/home\/wp-content\/uploads\/2024\/10\/2-web.jpg 1200w\" sizes=\"(max-width: 1024px) 100vw, 1024px\" \/><\/figure>\n\n\n\n<figure class=\"wp-block-image size-large\"><img decoding=\"async\" width=\"1024\" height=\"768\" data-id=\"26785\" src=\"https:\/\/ssr.cl\/home\/wp-content\/uploads\/2024\/10\/3-web-1024x768.jpg\" alt=\"\" class=\"wp-image-26785\" srcset=\"https:\/\/ssr.cl\/home\/wp-content\/uploads\/2024\/10\/3-web-1024x768.jpg 1024w, https:\/\/ssr.cl\/home\/wp-content\/uploads\/2024\/10\/3-web-300x225.jpg 300w, https:\/\/ssr.cl\/home\/wp-content\/uploads\/2024\/10\/3-web-768x576.jpg 768w, https:\/\/ssr.cl\/home\/wp-content\/uploads\/2024\/10\/3-web.jpg 1200w\" sizes=\"(max-width: 1024px) 100vw, 1024px\" \/><\/figure>\n\n\n\n<figure class=\"wp-block-image size-large\"><img loading=\"lazy\" decoding=\"async\" width=\"1024\" height=\"768\" data-id=\"26786\" src=\"https:\/\/ssr.cl\/home\/wp-content\/uploads\/2024\/10\/4-web-1024x768.jpg\" alt=\"\" class=\"wp-image-26786\" srcset=\"https:\/\/ssr.cl\/home\/wp-content\/uploads\/2024\/10\/4-web-1024x768.jpg 1024w, https:\/\/ssr.cl\/home\/wp-content\/uploads\/2024\/10\/4-web-300x225.jpg 300w, https:\/\/ssr.cl\/home\/wp-content\/uploads\/2024\/10\/4-web-768x576.jpg 768w, https:\/\/ssr.cl\/home\/wp-content\/uploads\/2024\/10\/4-web.jpg 1200w\" sizes=\"(max-width: 1024px) 100vw, 1024px\" \/><\/figure>\n\n\n\n<figure class=\"wp-block-image size-large\"><img loading=\"lazy\" decoding=\"async\" width=\"1024\" height=\"768\" data-id=\"26787\" src=\"https:\/\/ssr.cl\/home\/wp-content\/uploads\/2024\/10\/5-web-1024x768.jpg\" alt=\"\" class=\"wp-image-26787\" srcset=\"https:\/\/ssr.cl\/home\/wp-content\/uploads\/2024\/10\/5-web-1024x768.jpg 1024w, https:\/\/ssr.cl\/home\/wp-content\/uploads\/2024\/10\/5-web-300x225.jpg 300w, https:\/\/ssr.cl\/home\/wp-content\/uploads\/2024\/10\/5-web-768x576.jpg 768w, https:\/\/ssr.cl\/home\/wp-content\/uploads\/2024\/10\/5-web.jpg 1200w\" sizes=\"(max-width: 1024px) 100vw, 1024px\" \/><\/figure>\n\n\n\n<figure class=\"wp-block-image size-large\"><img loading=\"lazy\" decoding=\"async\" width=\"1024\" height=\"768\" data-id=\"26788\" src=\"https:\/\/ssr.cl\/home\/wp-content\/uploads\/2024\/10\/6-web-1024x768.jpg\" alt=\"\" class=\"wp-image-26788\" srcset=\"https:\/\/ssr.cl\/home\/wp-content\/uploads\/2024\/10\/6-web-1024x768.jpg 1024w, https:\/\/ssr.cl\/home\/wp-content\/uploads\/2024\/10\/6-web-300x225.jpg 300w, https:\/\/ssr.cl\/home\/wp-content\/uploads\/2024\/10\/6-web-768x576.jpg 768w, https:\/\/ssr.cl\/home\/wp-content\/uploads\/2024\/10\/6-web.jpg 1200w\" sizes=\"(max-width: 1024px) 100vw, 1024px\" \/><\/figure>\n<\/figure>\n","protected":false},"excerpt":{"rendered":"<p>As\u00ed se vivi\u00f3 el Sacramento de la Confirmaci\u00f3n de 38 estudiantes de 3ro medio, quienes durante un a\u00f1o se prepararon para este encuentro con Jes\u00fas y la renovaci\u00f3n de su fe. La ceremonia fue presidida por Monse\u00f1or Jorge Vega, durante la tarde del d\u00eda jueves 24 de octubre en la Parroquia Nuestra Se\u00f1ora de los [&hellip;]<\/p>\n","protected":false},"author":4,"featured_media":26784,"comment_status":"open","ping_status":"open","sticky":false,"template":"","format":"standard","meta":{"footnotes":""},"categories":[52,64,63],"tags":[],"class_list":["post-26783","post","type-post","status-publish","format-standard","has-post-thumbnail","hentry","category-pastoral","category-catequesis","category-formacion"],"_links":{"self":[{"href":"https:\/\/ssr.cl\/home\/wp-json\/wp\/v2\/posts\/26783","targetHints":{"allow":["GET"]}}],"collection":[{"href":"https:\/\/ssr.cl\/home\/wp-json\/wp\/v2\/posts"}],"about":[{"href":"https:\/\/ssr.cl\/home\/wp-json\/wp\/v2\/types\/post"}],"author":[{"embeddable":true,"href":"https:\/\/ssr.cl\/home\/wp-json\/wp\/v2\/users\/4"}],"replies":[{"embeddable":true,"href":"https:\/\/ssr.cl\/home\/wp-json\/wp\/v2\/comments?post=26783"}],"version-history":[{"count":1,"href":"https:\/\/ssr.cl\/home\/wp-json\/wp\/v2\/posts\/26783\/revisions"}],"predecessor-version":[{"id":26790,"href":"https:\/\/ssr.cl\/home\/wp-json\/wp\/v2\/posts\/26783\/revisions\/26790"}],"wp:featuredmedia":[{"embeddable":true,"href":"https:\/\/ssr.cl\/home\/wp-json\/wp\/v2\/media\/26784"}],"wp:attachment":[{"href":"https:\/\/ssr.cl\/home\/wp-json\/wp\/v2\/media?parent=26783"}],"wp:term":[{"taxonomy":"category","embeddable":true,"href":"https:\/\/ssr.cl\/home\/wp-json\/wp\/v2\/categories?post=26783"},{"taxonomy":"post_tag","embeddable":true,"href":"https:\/\/ssr.cl\/home\/wp-json\/wp\/v2\/tags?post=26783"}],"curies":[{"name":"wp","href":"https:\/\/api.w.org\/{rel}","templated":true}]}}