{"id":27053,"date":"2024-11-27T11:58:32","date_gmt":"2024-11-27T14:58:32","guid":{"rendered":"https:\/\/ssr.cl\/home\/?p=27053"},"modified":"2024-11-27T11:58:35","modified_gmt":"2024-11-27T14:58:35","slug":"cuidando-nuestra-salud-mental-en-comunidad","status":"publish","type":"post","link":"https:\/\/ssr.cl\/home\/cuidando-nuestra-salud-mental-en-comunidad\/","title":{"rendered":"Cuidando nuestra salud mental en comunidad"},"content":{"rendered":"\n<p> En el marco de la campa\u00f1a de convivencia escolar que se despliega durante todo el a\u00f1o en nuestra instituci\u00f3n, ayer hicimos una pausa para destinar un espacio especial para hablar sobre la salud mental con nuestros estudiantes, ya que \u00e9sta es la base de nuestro bienestar.<\/p>\n\n\n\n<p>As\u00ed, en el patio de ense\u00f1anza media de la sede de Vi\u00f1a del Mar, se instal\u00f3 un colorido stand con diversas actividades que permitieron a las profesionales del Departamento de Apoyo al Aprendizaje (DAA)interactuar con los estudiantes guiando las distintas actividades. L@s j\u00f3venes, con mucha motivaci\u00f3n participaron de manera curiosa respondiendo preguntas, escribiendo deseos, jugando, pintando y conociendo m\u00e1s sobre la importancia de saber reconocer las emociones.<\/p>\n\n\n\n<p>Tambi\u00e9n se destac\u00f3 la importancia de valorar aquello que somos y tenemos, a trav\u00e9s del muro de agradecimientos, y todos, adultos y estudiantes, respondimos a la pregunta \u00bfC\u00f3mo podemos cuidar nuestra salud mental?<\/p>\n\n\n\n<p>Es importante reconocer los factores protectores que tenemos en nuestro Colegio, agradecer los espacios que disponemos para nuestro desarrollo emocional ,y las variadas actividades que nos conectan con nuestro grupo curso y con el sentido de comunidad, de ah\u00ed la importancia de continuar efectuando este tipo de iniciativas.<\/p>\n\n\n\n<p>Felicitamos al DAA por esta excelente iniciativa que permiti\u00f3 a toda la comunidad participar de una instancia muy enriquecedora y preparada con much\u00edsimo cari\u00f1o.<\/p>\n\n\n\n<figure class=\"wp-block-gallery has-nested-images columns-default is-cropped wp-block-gallery-1 is-layout-flex wp-block-gallery-is-layout-flex\">\n<figure class=\"wp-block-image size-large\"><img fetchpriority=\"high\" decoding=\"async\" width=\"1024\" height=\"768\" data-id=\"27056\" src=\"https:\/\/ssr.cl\/home\/wp-content\/uploads\/2024\/11\/SM-1-ch-1024x768.jpg\" alt=\"\" class=\"wp-image-27056\" srcset=\"https:\/\/ssr.cl\/home\/wp-content\/uploads\/2024\/11\/SM-1-ch-1024x768.jpg 1024w, https:\/\/ssr.cl\/home\/wp-content\/uploads\/2024\/11\/SM-1-ch-300x225.jpg 300w, https:\/\/ssr.cl\/home\/wp-content\/uploads\/2024\/11\/SM-1-ch-768x576.jpg 768w, https:\/\/ssr.cl\/home\/wp-content\/uploads\/2024\/11\/SM-1-ch.jpg 1200w\" sizes=\"(max-width: 1024px) 100vw, 1024px\" \/><\/figure>\n\n\n\n<figure class=\"wp-block-image size-large\"><img decoding=\"async\" width=\"1024\" height=\"768\" data-id=\"27055\" src=\"https:\/\/ssr.cl\/home\/wp-content\/uploads\/2024\/11\/SM-2ch-1024x768.jpg\" alt=\"\" class=\"wp-image-27055\" srcset=\"https:\/\/ssr.cl\/home\/wp-content\/uploads\/2024\/11\/SM-2ch-1024x768.jpg 1024w, https:\/\/ssr.cl\/home\/wp-content\/uploads\/2024\/11\/SM-2ch-300x225.jpg 300w, https:\/\/ssr.cl\/home\/wp-content\/uploads\/2024\/11\/SM-2ch-768x576.jpg 768w, https:\/\/ssr.cl\/home\/wp-content\/uploads\/2024\/11\/SM-2ch.jpg 1200w\" sizes=\"(max-width: 1024px) 100vw, 1024px\" \/><\/figure>\n\n\n\n<figure class=\"wp-block-image size-large\"><img decoding=\"async\" width=\"1024\" height=\"768\" data-id=\"27054\" src=\"https:\/\/ssr.cl\/home\/wp-content\/uploads\/2024\/11\/SM-3ch-1024x768.jpg\" alt=\"\" class=\"wp-image-27054\" srcset=\"https:\/\/ssr.cl\/home\/wp-content\/uploads\/2024\/11\/SM-3ch-1024x768.jpg 1024w, https:\/\/ssr.cl\/home\/wp-content\/uploads\/2024\/11\/SM-3ch-300x225.jpg 300w, https:\/\/ssr.cl\/home\/wp-content\/uploads\/2024\/11\/SM-3ch-768x576.jpg 768w, https:\/\/ssr.cl\/home\/wp-content\/uploads\/2024\/11\/SM-3ch.jpg 1200w\" sizes=\"(max-width: 1024px) 100vw, 1024px\" \/><\/figure>\n<\/figure>\n","protected":false},"excerpt":{"rendered":"<p>En el marco de la campa\u00f1a de convivencia escolar que se despliega durante todo el a\u00f1o en nuestra instituci\u00f3n, ayer hicimos una pausa para destinar un espacio especial para hablar sobre la salud mental con nuestros estudiantes, ya que \u00e9sta es la base de nuestro bienestar. As\u00ed, en el patio de ense\u00f1anza media de la [&hellip;]<\/p>\n","protected":false},"author":4,"featured_media":27055,"comment_status":"open","ping_status":"open","sticky":false,"template":"","format":"standard","meta":{"footnotes":""},"categories":[72],"tags":[],"class_list":["post-27053","post","type-post","status-publish","format-standard","has-post-thumbnail","hentry","category-daa"],"_links":{"self":[{"href":"https:\/\/ssr.cl\/home\/wp-json\/wp\/v2\/posts\/27053","targetHints":{"allow":["GET"]}}],"collection":[{"href":"https:\/\/ssr.cl\/home\/wp-json\/wp\/v2\/posts"}],"about":[{"href":"https:\/\/ssr.cl\/home\/wp-json\/wp\/v2\/types\/post"}],"author":[{"embeddable":true,"href":"https:\/\/ssr.cl\/home\/wp-json\/wp\/v2\/users\/4"}],"replies":[{"embeddable":true,"href":"https:\/\/ssr.cl\/home\/wp-json\/wp\/v2\/comments?post=27053"}],"version-history":[{"count":1,"href":"https:\/\/ssr.cl\/home\/wp-json\/wp\/v2\/posts\/27053\/revisions"}],"predecessor-version":[{"id":27057,"href":"https:\/\/ssr.cl\/home\/wp-json\/wp\/v2\/posts\/27053\/revisions\/27057"}],"wp:featuredmedia":[{"embeddable":true,"href":"https:\/\/ssr.cl\/home\/wp-json\/wp\/v2\/media\/27055"}],"wp:attachment":[{"href":"https:\/\/ssr.cl\/home\/wp-json\/wp\/v2\/media?parent=27053"}],"wp:term":[{"taxonomy":"category","embeddable":true,"href":"https:\/\/ssr.cl\/home\/wp-json\/wp\/v2\/categories?post=27053"},{"taxonomy":"post_tag","embeddable":true,"href":"https:\/\/ssr.cl\/home\/wp-json\/wp\/v2\/tags?post=27053"}],"curies":[{"name":"wp","href":"https:\/\/api.w.org\/{rel}","templated":true}]}}