{"id":27089,"date":"2024-12-05T12:07:54","date_gmt":"2024-12-05T15:07:54","guid":{"rendered":"https:\/\/ssr.cl\/home\/?p=27089"},"modified":"2024-12-10T13:31:16","modified_gmt":"2024-12-10T16:31:16","slug":"felicitamos-a-nuestrs-grandes-matematicos","status":"publish","type":"post","link":"https:\/\/ssr.cl\/home\/felicitamos-a-nuestrs-grandes-matematicos\/","title":{"rendered":"\u00a1Felicitamos a nuestr@s grandes matem\u00e1ticos!"},"content":{"rendered":"\n<p>Con gran orgullo compartimos los excelentes resultados de nuestra delegaci\u00f3n en la 36\u00aa Olimpiada Nacional de Matem\u00e1tica, evento organizado por la Sociedad Chilena de Matem\u00e1tica, cuya ceremonia de cierre se realiz\u00f3 en Santiago. \u00a1Nuestr@s alumn@s brillaron en las pruebas individuales y grupales en el certamen dejando en alto el nombre de nuestro colegio! <\/p>\n\n\n\n<p> Resultados individuales:<br>7\u00b0 B\u00e1sico:<br>\u2022 Renato Ram\u00edrez: 2do lugar, Plata <\/p>\n\n\n\n<p>1\u00ba Medio:<br>\u2022 Sebasti\u00e1n Far\u00edas: 1er lugar, Oro <br>\u2022 Isidora Calder\u00f3n: 2do lugar, Plata <br>\u2022 Rub\u00e9n Vives: 3er lugar, Bronce <br>\u2022 Maite Matamala: 4to lugar, Cobre <br>\u2022 Fernanda Arancibia: 4to lugar, Cobre <\/p>\n\n\n\n<p>2\u00ba Medio:<br>\u2022 Fernando Carvajal: 1er lugar, Oro <br>\u2022 David \u00c1lvarez y Guillermo Castro: 3er lugar, Bronce <br>\u2022 Antonia Rocha y Samantha Mu\u00f1oz: 4to lugar, Cobre <\/p>\n\n\n\n<p>3\u00ba Medio:<br>\u2022 Lucas Ram\u00edrez: 2do lugar, Plata <\/p>\n\n\n\n<p> Resultados grupales:<\/p>\n\n\n\n<p>\u2022 1\u00ba Medio: Equipo conformado por Isidora Calder\u00f3n, Rub\u00e9n Vives, Maite Matamala, Vicente Miranda y Antonia Contreras: 2do lugar nacional <br>\u2022 2\u00ba Medio: Equipo conformado por Samantha Mu\u00f1oz, David \u00c1lvarez, Diego Polvor\u00edn, Mart\u00edn \u00c1vila y Fernando Carvajal: 4to lugar nacional <\/p>\n\n\n\n<p>Agradecimientos especiales:<\/p>\n\n\n\n<p>Destacamos el trabajo y compromiso del Departamento de Matem\u00e1ticas de ambas sedes. Un especial reconocimiento a las profesoras Carolina \u00d3rdenes y Mar\u00eda Jos\u00e9 Contreras, quienes guiaron a nuestros j\u00f3venes durante todo el proceso y l@s acompa\u00f1aron en esta enriquecedora experiencia.<\/p>\n\n\n\n<p>\u00a1Gracias por demostrar que con esfuerzo y dedicaci\u00f3n todo es posible! <\/p>\n\n\n\n<figure class=\"wp-block-gallery has-nested-images columns-default is-cropped wp-block-gallery-1 is-layout-flex wp-block-gallery-is-layout-flex\">\n<figure class=\"wp-block-image size-large\"><img fetchpriority=\"high\" decoding=\"async\" width=\"1024\" height=\"768\" data-id=\"27095\" src=\"https:\/\/ssr.cl\/home\/wp-content\/uploads\/2024\/12\/1-1024x768.png\" alt=\"\" class=\"wp-image-27095\" srcset=\"https:\/\/ssr.cl\/home\/wp-content\/uploads\/2024\/12\/1-1024x768.png 1024w, https:\/\/ssr.cl\/home\/wp-content\/uploads\/2024\/12\/1-300x225.png 300w, https:\/\/ssr.cl\/home\/wp-content\/uploads\/2024\/12\/1-768x576.png 768w, https:\/\/ssr.cl\/home\/wp-content\/uploads\/2024\/12\/1.png 1200w\" sizes=\"(max-width: 1024px) 100vw, 1024px\" \/><\/figure>\n\n\n\n<figure class=\"wp-block-image size-large\"><img decoding=\"async\" width=\"1024\" height=\"768\" data-id=\"27094\" src=\"https:\/\/ssr.cl\/home\/wp-content\/uploads\/2024\/12\/2-1024x768.png\" alt=\"\" class=\"wp-image-27094\" srcset=\"https:\/\/ssr.cl\/home\/wp-content\/uploads\/2024\/12\/2-1024x768.png 1024w, https:\/\/ssr.cl\/home\/wp-content\/uploads\/2024\/12\/2-300x225.png 300w, https:\/\/ssr.cl\/home\/wp-content\/uploads\/2024\/12\/2-768x576.png 768w, https:\/\/ssr.cl\/home\/wp-content\/uploads\/2024\/12\/2.png 1200w\" sizes=\"(max-width: 1024px) 100vw, 1024px\" \/><\/figure>\n\n\n\n<figure class=\"wp-block-image size-large\"><img decoding=\"async\" width=\"1024\" height=\"768\" data-id=\"27091\" src=\"https:\/\/ssr.cl\/home\/wp-content\/uploads\/2024\/12\/3-1024x768.png\" alt=\"\" class=\"wp-image-27091\" srcset=\"https:\/\/ssr.cl\/home\/wp-content\/uploads\/2024\/12\/3-1024x768.png 1024w, https:\/\/ssr.cl\/home\/wp-content\/uploads\/2024\/12\/3-300x225.png 300w, https:\/\/ssr.cl\/home\/wp-content\/uploads\/2024\/12\/3-768x576.png 768w, https:\/\/ssr.cl\/home\/wp-content\/uploads\/2024\/12\/3.png 1200w\" sizes=\"(max-width: 1024px) 100vw, 1024px\" \/><\/figure>\n\n\n\n<figure class=\"wp-block-image size-large\"><img loading=\"lazy\" decoding=\"async\" width=\"1024\" height=\"768\" data-id=\"27093\" src=\"https:\/\/ssr.cl\/home\/wp-content\/uploads\/2024\/12\/4-1024x768.png\" alt=\"\" class=\"wp-image-27093\" srcset=\"https:\/\/ssr.cl\/home\/wp-content\/uploads\/2024\/12\/4-1024x768.png 1024w, https:\/\/ssr.cl\/home\/wp-content\/uploads\/2024\/12\/4-300x225.png 300w, https:\/\/ssr.cl\/home\/wp-content\/uploads\/2024\/12\/4-768x576.png 768w, https:\/\/ssr.cl\/home\/wp-content\/uploads\/2024\/12\/4.png 1200w\" sizes=\"(max-width: 1024px) 100vw, 1024px\" \/><\/figure>\n\n\n\n<figure class=\"wp-block-image size-large\"><img loading=\"lazy\" decoding=\"async\" width=\"1024\" height=\"768\" data-id=\"27090\" src=\"https:\/\/ssr.cl\/home\/wp-content\/uploads\/2024\/12\/5-1024x768.png\" alt=\"\" class=\"wp-image-27090\" srcset=\"https:\/\/ssr.cl\/home\/wp-content\/uploads\/2024\/12\/5-1024x768.png 1024w, https:\/\/ssr.cl\/home\/wp-content\/uploads\/2024\/12\/5-300x225.png 300w, https:\/\/ssr.cl\/home\/wp-content\/uploads\/2024\/12\/5-768x576.png 768w, https:\/\/ssr.cl\/home\/wp-content\/uploads\/2024\/12\/5.png 1200w\" sizes=\"(max-width: 1024px) 100vw, 1024px\" \/><\/figure>\n\n\n\n<figure class=\"wp-block-image size-large\"><img loading=\"lazy\" decoding=\"async\" width=\"1024\" height=\"768\" data-id=\"27092\" src=\"https:\/\/ssr.cl\/home\/wp-content\/uploads\/2024\/12\/6-1024x768.png\" alt=\"\" class=\"wp-image-27092\" srcset=\"https:\/\/ssr.cl\/home\/wp-content\/uploads\/2024\/12\/6-1024x768.png 1024w, https:\/\/ssr.cl\/home\/wp-content\/uploads\/2024\/12\/6-300x225.png 300w, https:\/\/ssr.cl\/home\/wp-content\/uploads\/2024\/12\/6-768x576.png 768w, https:\/\/ssr.cl\/home\/wp-content\/uploads\/2024\/12\/6.png 1200w\" sizes=\"(max-width: 1024px) 100vw, 1024px\" \/><\/figure>\n<\/figure>\n\n\n\n<figure class=\"wp-block-gallery has-nested-images columns-default is-cropped wp-block-gallery-2 is-layout-flex wp-block-gallery-is-layout-flex\">\n<figure class=\"wp-block-image size-large\"><img decoding=\"async\" data-id=\"27125\" src=\"https:\/\/ssr.cl\/home\/wp-content\/uploads\/2024\/12\/renato-ramirez-web-1-1024x768.png\" alt=\"\" class=\"wp-image-27125\"\/><\/figure>\n<\/figure>\n","protected":false},"excerpt":{"rendered":"<p>Con gran orgullo compartimos los excelentes resultados de nuestra delegaci\u00f3n en la 36\u00aa Olimpiada Nacional de Matem\u00e1tica, evento organizado por la Sociedad Chilena de Matem\u00e1tica, cuya ceremonia de cierre se realiz\u00f3 en Santiago. \u00a1Nuestr@s alumn@s brillaron en las pruebas individuales y grupales en el certamen dejando en alto el nombre de nuestro colegio! Resultados individuales:7\u00b0 [&hellip;]<\/p>\n","protected":false},"author":4,"featured_media":27095,"comment_status":"open","ping_status":"open","sticky":false,"template":"","format":"standard","meta":{"footnotes":""},"categories":[75,76],"tags":[],"class_list":["post-27089","post","type-post","status-publish","format-standard","has-post-thumbnail","hentry","category-area-academica","category-colegio"],"_links":{"self":[{"href":"https:\/\/ssr.cl\/home\/wp-json\/wp\/v2\/posts\/27089","targetHints":{"allow":["GET"]}}],"collection":[{"href":"https:\/\/ssr.cl\/home\/wp-json\/wp\/v2\/posts"}],"about":[{"href":"https:\/\/ssr.cl\/home\/wp-json\/wp\/v2\/types\/post"}],"author":[{"embeddable":true,"href":"https:\/\/ssr.cl\/home\/wp-json\/wp\/v2\/users\/4"}],"replies":[{"embeddable":true,"href":"https:\/\/ssr.cl\/home\/wp-json\/wp\/v2\/comments?post=27089"}],"version-history":[{"count":4,"href":"https:\/\/ssr.cl\/home\/wp-json\/wp\/v2\/posts\/27089\/revisions"}],"predecessor-version":[{"id":27126,"href":"https:\/\/ssr.cl\/home\/wp-json\/wp\/v2\/posts\/27089\/revisions\/27126"}],"wp:featuredmedia":[{"embeddable":true,"href":"https:\/\/ssr.cl\/home\/wp-json\/wp\/v2\/media\/27095"}],"wp:attachment":[{"href":"https:\/\/ssr.cl\/home\/wp-json\/wp\/v2\/media?parent=27089"}],"wp:term":[{"taxonomy":"category","embeddable":true,"href":"https:\/\/ssr.cl\/home\/wp-json\/wp\/v2\/categories?post=27089"},{"taxonomy":"post_tag","embeddable":true,"href":"https:\/\/ssr.cl\/home\/wp-json\/wp\/v2\/tags?post=27089"}],"curies":[{"name":"wp","href":"https:\/\/api.w.org\/{rel}","templated":true}]}}