{"id":27394,"date":"2025-01-10T12:22:57","date_gmt":"2025-01-10T15:22:57","guid":{"rendered":"https:\/\/ssr.cl\/home\/?p=27394"},"modified":"2025-01-10T12:23:00","modified_gmt":"2025-01-10T15:23:00","slug":"desayuno-de-reconocimiento-a-puntajes-paes-2024","status":"publish","type":"post","link":"https:\/\/ssr.cl\/home\/desayuno-de-reconocimiento-a-puntajes-paes-2024\/","title":{"rendered":"Desayuno de reconocimiento a puntajes PAES 2024"},"content":{"rendered":"\n<p>Ayer, con mucha alegr\u00eda y gratitud, nuestro Colegio ofreci\u00f3 un desayuno de reconocimiento a los estudiantes que obtuvieron puntajes destacados en la Prueba de Acceso a la Educaci\u00f3n Superior (PAES). <\/p>\n\n\n\n<p>El encuentro cont\u00f3 con la presencia del Presidente del Directorio de la Fundaci\u00f3n Educacional, Sr. Juan M\u00e1gasich, el equipo directivo, profesores jefes y representantes del departamento de matem\u00e1ticas de ambas sedes. Fue una jornada llena de emociones, donde celebramos los frutos del esfuerzo, el talento y la perseverancia de nuestros j\u00f3venes.<\/p>\n\n\n\n<p>Los estudiantes que pudieron asistir, ya que varios se encontraban de vacaciones, compartieron sus testimonios sobre lo que signific\u00f3 para ellos y sus familias este importante logro, las carreras que han elegido y c\u00f3mo enfrentan esta nueva etapa llena de sue\u00f1os y desaf\u00edos. <\/p>\n\n\n\n<p>Sus profesores dedicaron palabras de cari\u00f1o y reconocimiento, destacando sus m\u00e9ritos y augurando \u00e9xito en el camino que inician. El Sr. M\u00e1gasich, por su parte, subray\u00f3 la importancia de Dios, la familia y el Colegio como pilares fundamentales de este logro, junto al esfuerzo individual de cada joven. Nuestro Vicerrector, Leonardo Ruz, invit\u00f3 a las y los exalumnos a poner sus talento al servicio de la comunidad, ya que en el darse y compartir con amor se encuentra la plenitud y un profundo sentido de vida.<\/p>\n\n\n\n<p>Como instituci\u00f3n con 154 a\u00f1os de trayectoria educativa, nos sentimos profundamente orgullosos de formar parte de sus historias y acompa\u00f1arles en este camino. \u00a1Felicitaciones, queridos estudiantes! <\/p>\n\n\n\n<figure class=\"wp-block-gallery has-nested-images columns-default is-cropped wp-block-gallery-1 is-layout-flex wp-block-gallery-is-layout-flex\">\n<figure class=\"wp-block-image size-large\"><img fetchpriority=\"high\" decoding=\"async\" width=\"1024\" height=\"768\" data-id=\"27395\" src=\"https:\/\/ssr.cl\/home\/wp-content\/uploads\/2025\/01\/PAES-WEB-1024x768.jpg\" alt=\"\" class=\"wp-image-27395\" srcset=\"https:\/\/ssr.cl\/home\/wp-content\/uploads\/2025\/01\/PAES-WEB-1024x768.jpg 1024w, https:\/\/ssr.cl\/home\/wp-content\/uploads\/2025\/01\/PAES-WEB-300x225.jpg 300w, https:\/\/ssr.cl\/home\/wp-content\/uploads\/2025\/01\/PAES-WEB-768x576.jpg 768w, https:\/\/ssr.cl\/home\/wp-content\/uploads\/2025\/01\/PAES-WEB.jpg 1200w\" sizes=\"(max-width: 1024px) 100vw, 1024px\" \/><\/figure>\n<\/figure>\n","protected":false},"excerpt":{"rendered":"<p>Ayer, con mucha alegr\u00eda y gratitud, nuestro Colegio ofreci\u00f3 un desayuno de reconocimiento a los estudiantes que obtuvieron puntajes destacados en la Prueba de Acceso a la Educaci\u00f3n Superior (PAES). El encuentro cont\u00f3 con la presencia del Presidente del Directorio de la Fundaci\u00f3n Educacional, Sr. Juan M\u00e1gasich, el equipo directivo, profesores jefes y representantes del [&hellip;]<\/p>\n","protected":false},"author":4,"featured_media":27395,"comment_status":"open","ping_status":"open","sticky":false,"template":"","format":"standard","meta":{"footnotes":""},"categories":[76,75],"tags":[],"class_list":["post-27394","post","type-post","status-publish","format-standard","has-post-thumbnail","hentry","category-colegio","category-area-academica"],"_links":{"self":[{"href":"https:\/\/ssr.cl\/home\/wp-json\/wp\/v2\/posts\/27394","targetHints":{"allow":["GET"]}}],"collection":[{"href":"https:\/\/ssr.cl\/home\/wp-json\/wp\/v2\/posts"}],"about":[{"href":"https:\/\/ssr.cl\/home\/wp-json\/wp\/v2\/types\/post"}],"author":[{"embeddable":true,"href":"https:\/\/ssr.cl\/home\/wp-json\/wp\/v2\/users\/4"}],"replies":[{"embeddable":true,"href":"https:\/\/ssr.cl\/home\/wp-json\/wp\/v2\/comments?post=27394"}],"version-history":[{"count":1,"href":"https:\/\/ssr.cl\/home\/wp-json\/wp\/v2\/posts\/27394\/revisions"}],"predecessor-version":[{"id":27396,"href":"https:\/\/ssr.cl\/home\/wp-json\/wp\/v2\/posts\/27394\/revisions\/27396"}],"wp:featuredmedia":[{"embeddable":true,"href":"https:\/\/ssr.cl\/home\/wp-json\/wp\/v2\/media\/27395"}],"wp:attachment":[{"href":"https:\/\/ssr.cl\/home\/wp-json\/wp\/v2\/media?parent=27394"}],"wp:term":[{"taxonomy":"category","embeddable":true,"href":"https:\/\/ssr.cl\/home\/wp-json\/wp\/v2\/categories?post=27394"},{"taxonomy":"post_tag","embeddable":true,"href":"https:\/\/ssr.cl\/home\/wp-json\/wp\/v2\/tags?post=27394"}],"curies":[{"name":"wp","href":"https:\/\/api.w.org\/{rel}","templated":true}]}}