{"id":27596,"date":"2025-02-28T20:33:03","date_gmt":"2025-02-28T23:33:03","guid":{"rendered":"https:\/\/ssr.cl\/home\/?p=27596"},"modified":"2025-02-28T20:33:05","modified_gmt":"2025-02-28T23:33:05","slug":"bienvenida-a-nuestros-nuevos-docentes-induccion-en-la-identidad-y-excelencia-sanrafaelina","status":"publish","type":"post","link":"https:\/\/ssr.cl\/home\/bienvenida-a-nuestros-nuevos-docentes-induccion-en-la-identidad-y-excelencia-sanrafaelina\/","title":{"rendered":"Bienvenida a nuestros nuevos docentes: Inducci\u00f3n en la identidad y excelencia sanrafaelina"},"content":{"rendered":"\n<p>El pasado mi\u00e9rcoles 26 de febrero, realizamos la jornada de inducci\u00f3n para los nuevos docentes que este a\u00f1o comienzan a formar parte de nuestra instituci\u00f3n. Esta instancia, clave en el proceso de integraci\u00f3n, permiti\u00f3 que nuestros educadores conocieran en profundidad la identidad del Colegio, su historia, su espiritualidad y el compromiso que nos une como comunidad.<\/p>\n\n\n\n<p>La jornada inici\u00f3 con la presentaci\u00f3n del Colegio a cargo de nuestra Rectora, Claudia Bruno, quien dio la bienvenida a los nuevos docentes y comparti\u00f3 la visi\u00f3n y misi\u00f3n institucional. Posteriormente, la directora de la sede de Valpara\u00edso los invit\u00f3 a reflexionar sobre sus motivaciones para postular y el impacto que desean generar en nuestros estudiantes.<\/p>\n\n\n\n<p>El Vicerrector de Administraci\u00f3n y Finanzas, Gian Carlo Canessa, comparti\u00f3 su experiencia en estos dos a\u00f1os en el Colegio, destacando que uno de los mayores diferenciadores de nuestra instituci\u00f3n es el fuerte compromiso de sus trabajadores con su labor y con el carisma institucional.<\/p>\n\n\n\n<p><strong>Un recorrido por nuestra historia y valores<\/strong><\/p>\n\n\n\n<p>La segunda parte de la inducci\u00f3n se desarroll\u00f3 en un espacio de gran significado: el Museo Seminario Valpara\u00edso, donde los nuevos docentes realizaron una visita guiada a cargo de Alejandro Isla, director de Ciclo B\u00e1sico de esa sede. En este recorrido, pudieron conocer la historia del Colegio desde la mirada de sus padres fundadores y la visi\u00f3n de futuro que inspira nuestro quehacer educativo.<\/p>\n\n\n\n<p>El componente espiritual, eje fundamental de nuestra identidad, fue abordado por el Vicerrector de Pastoral, Leonardo Ruz, quien explic\u00f3 el carisma sanrafaelino y la misi\u00f3n evangelizadora de nuestra instituci\u00f3n.<\/p>\n\n\n\n<p>Finalmente, la jornada incluy\u00f3 instancias formativas en \u00e1reas clave:<\/p>\n\n\n\n<p>\u2705 Gesti\u00f3n de Personas: Charla a cargo de Javiera Salamanca, Jefa del Departamento de Gesti\u00f3n de Personas.<br>\u2705 Higiene y Seguridad Ocupacional: Presentaci\u00f3n del Prevencionista de Riesgos, Danilo Romo.<\/p>\n\n\n\n<p>Para cerrar la jornada, los nuevos docentes participaron en una oraci\u00f3n dirigida por Leonardo Ruz y M\u00f3nica Pe\u00f1a, coordinadora de Pastoral, reforzando el sentido de comunidad y vocaci\u00f3n que inspira nuestro Colegio. Como gesto de bienvenida, cada uno recibi\u00f3 un presente, simbolizando el inicio de esta nueva etapa profesional en nuestra instituci\u00f3n, entregado por miembros del equipo directivo de nuestra comunidad.<\/p>\n\n\n\n<p>Felicitamos y damos la m\u00e1s c\u00e1lida bienvenida a nuestros nuevos docentes, quienes a partir de este a\u00f1o formar\u00e1n parte de nuestra comunidad sanrafaelina:<\/p>\n\n\n\n<p>? Yaritza Pulgar \u2013 Profesora de Ingl\u00e9s, Sede Valpara\u00edso (Ciclo B\u00e1sico).<br>? Nicol\u00e1s Cepeda \u2013 Profesor de Matem\u00e1ticas. (Ense\u00f1anza Media)<br>? Soraya Moraga \u2013 Profesora de Ciencias.<br>? Florencia Eldrege \u2013 T\u00e9cnico en Educaci\u00f3n Parvularia.<br>? Andrea Past\u00e9n \u2013 Profesora de Tecnolog\u00eda, Sede Valpara\u00edso.<br>? Valentina Hern\u00e1ndez \u2013 Profesora Volante, Sede Vi\u00f1a del Mar.<br>? Fiorella Araya \u2013 Profesora de Educaci\u00f3n B\u00e1sica, Sede Vi\u00f1a del Mar.<br>? B\u00e1rbara Carrasco \u2013 Profesora de F\u00edsica, Sede Vi\u00f1a del Mar. (El a\u00f1o pasado se incorpor\u00f3 a la instituci\u00f3n en reemplazo de la profesora e investigadora Patricia Mart\u00ednez, quien se dedic\u00f3 en su totalidad al trabajo de investigaci\u00f3n en la Universidad)<br>? Sof\u00eda Messenger \u2013 Profesora de Ingl\u00e9s, Sede Valpara\u00edso.<\/p>\n\n\n\n<p>Estamos seguros de que su vocaci\u00f3n y compromiso ser\u00e1n un gran aporte en la formaci\u00f3n de nuestros estudiantes. Que este a\u00f1o sea un camino de aprendizaje, crecimiento y entrega, guiado por el esp\u00edritu de San Rafael.<\/p>\n\n\n\n<p>\u00a1Bienvenidos a esta gran comunidad educativa!<\/p>\n\n\n\n<figure class=\"wp-block-image size-large\"><img fetchpriority=\"high\" decoding=\"async\" width=\"1024\" height=\"768\" src=\"https:\/\/ssr.cl\/home\/wp-content\/uploads\/2025\/02\/web-Jornada-profesores-nuevos-1024x768.jpg\" alt=\"\" class=\"wp-image-27597\" srcset=\"https:\/\/ssr.cl\/home\/wp-content\/uploads\/2025\/02\/web-Jornada-profesores-nuevos-1024x768.jpg 1024w, https:\/\/ssr.cl\/home\/wp-content\/uploads\/2025\/02\/web-Jornada-profesores-nuevos-300x225.jpg 300w, https:\/\/ssr.cl\/home\/wp-content\/uploads\/2025\/02\/web-Jornada-profesores-nuevos-768x576.jpg 768w, https:\/\/ssr.cl\/home\/wp-content\/uploads\/2025\/02\/web-Jornada-profesores-nuevos.jpg 1200w\" sizes=\"(max-width: 1024px) 100vw, 1024px\" \/><\/figure>\n","protected":false},"excerpt":{"rendered":"<p>El pasado mi\u00e9rcoles 26 de febrero, realizamos la jornada de inducci\u00f3n para los nuevos docentes que este a\u00f1o comienzan a formar parte de nuestra instituci\u00f3n. Esta instancia, clave en el proceso de integraci\u00f3n, permiti\u00f3 que nuestros educadores conocieran en profundidad la identidad del Colegio, su historia, su espiritualidad y el compromiso que nos une como [&hellip;]<\/p>\n","protected":false},"author":4,"featured_media":27597,"comment_status":"open","ping_status":"open","sticky":false,"template":"","format":"standard","meta":{"footnotes":""},"categories":[75,76],"tags":[],"class_list":["post-27596","post","type-post","status-publish","format-standard","has-post-thumbnail","hentry","category-area-academica","category-colegio"],"_links":{"self":[{"href":"https:\/\/ssr.cl\/home\/wp-json\/wp\/v2\/posts\/27596","targetHints":{"allow":["GET"]}}],"collection":[{"href":"https:\/\/ssr.cl\/home\/wp-json\/wp\/v2\/posts"}],"about":[{"href":"https:\/\/ssr.cl\/home\/wp-json\/wp\/v2\/types\/post"}],"author":[{"embeddable":true,"href":"https:\/\/ssr.cl\/home\/wp-json\/wp\/v2\/users\/4"}],"replies":[{"embeddable":true,"href":"https:\/\/ssr.cl\/home\/wp-json\/wp\/v2\/comments?post=27596"}],"version-history":[{"count":1,"href":"https:\/\/ssr.cl\/home\/wp-json\/wp\/v2\/posts\/27596\/revisions"}],"predecessor-version":[{"id":27598,"href":"https:\/\/ssr.cl\/home\/wp-json\/wp\/v2\/posts\/27596\/revisions\/27598"}],"wp:featuredmedia":[{"embeddable":true,"href":"https:\/\/ssr.cl\/home\/wp-json\/wp\/v2\/media\/27597"}],"wp:attachment":[{"href":"https:\/\/ssr.cl\/home\/wp-json\/wp\/v2\/media?parent=27596"}],"wp:term":[{"taxonomy":"category","embeddable":true,"href":"https:\/\/ssr.cl\/home\/wp-json\/wp\/v2\/categories?post=27596"},{"taxonomy":"post_tag","embeddable":true,"href":"https:\/\/ssr.cl\/home\/wp-json\/wp\/v2\/tags?post=27596"}],"curies":[{"name":"wp","href":"https:\/\/api.w.org\/{rel}","templated":true}]}}