{"id":28604,"date":"2025-07-22T19:48:12","date_gmt":"2025-07-22T23:48:12","guid":{"rendered":"https:\/\/ssr.cl\/home\/?p=28604"},"modified":"2025-07-22T20:02:33","modified_gmt":"2025-07-23T00:02:33","slug":"irene-nadaud-fue-preseleccionada-para-juegos-para-panamericanos-juveniles-2025","status":"publish","type":"post","link":"https:\/\/ssr.cl\/home\/irene-nadaud-fue-preseleccionada-para-juegos-para-panamericanos-juveniles-2025\/","title":{"rendered":"Irene Nadaud fue preseleccionada para Juegos Para Panamericanos Juveniles 2025"},"content":{"rendered":"\n<p>Una destacada participaci\u00f3n obtuvo la estudiantes de IV Medio, Irene Nadaud, en el Primer Campeonato Nacional de Para Nataci\u00f3n 2025, realizado el s\u00e1bado 12 y domingo 13 de julio en la Piscina Kristel K\u00f6brich del Estadio Nacional (Santiago). El evento reuni\u00f3 a 105 deportistas provenientes de 11 regiones del pa\u00eds y cont\u00f3 con la presencia del destacado medallista paral\u00edmpico Alberto Abarza, adem\u00e1s de competidores internacionales de alt\u00edsimo nivel.<\/p>\n\n\n\n<p>La instancia fue muy desafiante, ya que Irene debi\u00f3 competir con una nadadora extranjera que particip\u00f3 en los Juegos Ol\u00edmpicos de Par\u00eds 2024. A pesar del alto nivel del torneo, logr\u00f3 superar todas sus marcas personales y establecer cinco nuevos r\u00e9cords nacionales, demostrando su talento, disciplina y proyecci\u00f3n deportiva.<\/p>\n\n\n\n<p>Debido a estos resultados, la promesa nacional fue convocada a una concentraci\u00f3n nacional de entrenamiento que se desarroll\u00f3 la semana pasada en el Centro de Alto Rendimiento (CAR), el Centro de Entrenamiento Paral\u00edmpico y la piscina del Estadio Nacional. <\/p>\n\n\n\n<p>En la actualidad, junto a otros 20 j\u00f3venes menores de 19 a\u00f1os provenientes de distintas regiones del pa\u00eds, Irene forma parte de la preselecci\u00f3n nacional de para nataci\u00f3n que se prepara para los Juegos Para Panamericanos Juveniles 2025, que se realizar\u00e1n en Chile entre el 31 de octubre y el 9 de noviembre.<\/p>\n\n\n\n<p>Como comunidad celebramos estos logros con profundo orgullo, reconociendo no s\u00f3lo la calidad deportiva de Irene, sino tambi\u00e9n sus valores, la perseverancia y esp\u00edritu de superaci\u00f3n. \u00a1Felicitaciones, Irene! Con orgullo y admiraci\u00f3n, te acompa\u00f1amos en cada etapa de este desafiante, pero hermoso camino.<\/p>\n\n\n\n<figure class=\"wp-block-gallery has-nested-images columns-default is-cropped wp-block-gallery-1 is-layout-flex wp-block-gallery-is-layout-flex\">\n<figure class=\"wp-block-image size-large\"><img fetchpriority=\"high\" decoding=\"async\" width=\"1024\" height=\"768\" data-id=\"28606\" src=\"https:\/\/ssr.cl\/home\/wp-content\/uploads\/2025\/07\/1-5-1024x768.png\" alt=\"\" class=\"wp-image-28606\" srcset=\"https:\/\/ssr.cl\/home\/wp-content\/uploads\/2025\/07\/1-5-1024x768.png 1024w, https:\/\/ssr.cl\/home\/wp-content\/uploads\/2025\/07\/1-5-300x225.png 300w, https:\/\/ssr.cl\/home\/wp-content\/uploads\/2025\/07\/1-5-768x576.png 768w, https:\/\/ssr.cl\/home\/wp-content\/uploads\/2025\/07\/1-5.png 1200w\" sizes=\"(max-width: 1024px) 100vw, 1024px\" \/><\/figure>\n\n\n\n<figure class=\"wp-block-image size-large\"><img decoding=\"async\" width=\"1024\" height=\"768\" data-id=\"28605\" src=\"https:\/\/ssr.cl\/home\/wp-content\/uploads\/2025\/07\/2-5-1024x768.png\" alt=\"\" class=\"wp-image-28605\" srcset=\"https:\/\/ssr.cl\/home\/wp-content\/uploads\/2025\/07\/2-5-1024x768.png 1024w, https:\/\/ssr.cl\/home\/wp-content\/uploads\/2025\/07\/2-5-300x225.png 300w, https:\/\/ssr.cl\/home\/wp-content\/uploads\/2025\/07\/2-5-768x576.png 768w, https:\/\/ssr.cl\/home\/wp-content\/uploads\/2025\/07\/2-5.png 1200w\" sizes=\"(max-width: 1024px) 100vw, 1024px\" \/><\/figure>\n<\/figure>\n","protected":false},"excerpt":{"rendered":"<p>Una destacada participaci\u00f3n obtuvo la estudiantes de IV Medio, Irene Nadaud, en el Primer Campeonato Nacional de Para Nataci\u00f3n 2025, realizado el s\u00e1bado 12 y domingo 13 de julio en la Piscina Kristel K\u00f6brich del Estadio Nacional (Santiago). El evento reuni\u00f3 a 105 deportistas provenientes de 11 regiones del pa\u00eds y cont\u00f3 con la presencia [&hellip;]<\/p>\n","protected":false},"author":4,"featured_media":28606,"comment_status":"open","ping_status":"open","sticky":false,"template":"","format":"standard","meta":{"footnotes":""},"categories":[76],"tags":[],"class_list":["post-28604","post","type-post","status-publish","format-standard","has-post-thumbnail","hentry","category-colegio"],"_links":{"self":[{"href":"https:\/\/ssr.cl\/home\/wp-json\/wp\/v2\/posts\/28604","targetHints":{"allow":["GET"]}}],"collection":[{"href":"https:\/\/ssr.cl\/home\/wp-json\/wp\/v2\/posts"}],"about":[{"href":"https:\/\/ssr.cl\/home\/wp-json\/wp\/v2\/types\/post"}],"author":[{"embeddable":true,"href":"https:\/\/ssr.cl\/home\/wp-json\/wp\/v2\/users\/4"}],"replies":[{"embeddable":true,"href":"https:\/\/ssr.cl\/home\/wp-json\/wp\/v2\/comments?post=28604"}],"version-history":[{"count":2,"href":"https:\/\/ssr.cl\/home\/wp-json\/wp\/v2\/posts\/28604\/revisions"}],"predecessor-version":[{"id":28609,"href":"https:\/\/ssr.cl\/home\/wp-json\/wp\/v2\/posts\/28604\/revisions\/28609"}],"wp:featuredmedia":[{"embeddable":true,"href":"https:\/\/ssr.cl\/home\/wp-json\/wp\/v2\/media\/28606"}],"wp:attachment":[{"href":"https:\/\/ssr.cl\/home\/wp-json\/wp\/v2\/media?parent=28604"}],"wp:term":[{"taxonomy":"category","embeddable":true,"href":"https:\/\/ssr.cl\/home\/wp-json\/wp\/v2\/categories?post=28604"},{"taxonomy":"post_tag","embeddable":true,"href":"https:\/\/ssr.cl\/home\/wp-json\/wp\/v2\/tags?post=28604"}],"curies":[{"name":"wp","href":"https:\/\/api.w.org\/{rel}","templated":true}]}}