{"id":29485,"date":"2025-11-19T16:30:39","date_gmt":"2025-11-19T19:30:39","guid":{"rendered":"https:\/\/ssr.cl\/home\/?p=29485"},"modified":"2025-11-19T16:34:40","modified_gmt":"2025-11-19T19:34:40","slug":"29485-2","status":"publish","type":"post","link":"https:\/\/ssr.cl\/home\/29485-2\/","title":{"rendered":"Alumnos exponen trabajos de Religi\u00f3n en biblioteca SSR"},"content":{"rendered":"\n<p>Con el prop\u00f3sito de difundir el trabajo  desarrollado por los estudiantes durante la \u00faltima semana, el Colegio inaugur\u00f3 hoy la exposici\u00f3n \u201cReligi\u00f3n, Historia, Creencias y Valores\u201d en la biblioteca de la sede Valpara\u00edso.<\/p>\n\n\n\n<p>La muestra re\u00fane producciones de distintos niveles educativos y destaca por la participaci\u00f3n de estudiantes que actuaron como mediadores, guiando a sus pares en un recorrido tem\u00e1tico que abord\u00f3 temas como las bienaventuranzas, las par\u00e1bolas, la enc\u00edclica Laudato S\u00ed, entre otros.  Esta din\u00e1mica busc\u00f3 fomentar el di\u00e1logo, la reflexi\u00f3n y el aprendizaje colaborativo entre los miembros de la comunidad escolar.<\/p>\n\n\n\n<p>La inauguraci\u00f3n cont\u00f3 con la presencia de autoridades de Pastoral, de la Direcci\u00f3n de la sede Valpara\u00edso y del Centro de Recursos para el Aprendizaje (CRA), quienes valoraron el trabajo formativo desarrollado en el marco del cierre del a\u00f1o acad\u00e9mico.<\/p>\n\n\n\n<p>El Colegio Seminario San Rafael agradece especialmente a la profesora Gilda Rivera, responsable de la iniciativa, junto a los estudiantes mediadores cuyo compromiso hizo posible esta enriquecedora experiencia educativa.<\/p>\n\n\n\n<figure class=\"wp-block-gallery has-nested-images columns-default is-cropped wp-block-gallery-1 is-layout-flex wp-block-gallery-is-layout-flex\">\n<figure class=\"wp-block-image size-large\"><img fetchpriority=\"high\" decoding=\"async\" width=\"1024\" height=\"768\" data-id=\"29486\" src=\"https:\/\/ssr.cl\/home\/wp-content\/uploads\/2025\/11\/Exposicion-de-religion-web-4-1024x768.png\" alt=\"\" class=\"wp-image-29486\" srcset=\"https:\/\/ssr.cl\/home\/wp-content\/uploads\/2025\/11\/Exposicion-de-religion-web-4-1024x768.png 1024w, https:\/\/ssr.cl\/home\/wp-content\/uploads\/2025\/11\/Exposicion-de-religion-web-4-300x225.png 300w, https:\/\/ssr.cl\/home\/wp-content\/uploads\/2025\/11\/Exposicion-de-religion-web-4-768x576.png 768w, https:\/\/ssr.cl\/home\/wp-content\/uploads\/2025\/11\/Exposicion-de-religion-web-4.png 1200w\" sizes=\"(max-width: 1024px) 100vw, 1024px\" \/><\/figure>\n\n\n\n<figure class=\"wp-block-image size-large\"><img decoding=\"async\" width=\"1024\" height=\"768\" data-id=\"29487\" src=\"https:\/\/ssr.cl\/home\/wp-content\/uploads\/2025\/11\/Exposicion-de-religion-web-3-1024x768.png\" alt=\"\" class=\"wp-image-29487\" srcset=\"https:\/\/ssr.cl\/home\/wp-content\/uploads\/2025\/11\/Exposicion-de-religion-web-3-1024x768.png 1024w, https:\/\/ssr.cl\/home\/wp-content\/uploads\/2025\/11\/Exposicion-de-religion-web-3-300x225.png 300w, https:\/\/ssr.cl\/home\/wp-content\/uploads\/2025\/11\/Exposicion-de-religion-web-3-768x576.png 768w, https:\/\/ssr.cl\/home\/wp-content\/uploads\/2025\/11\/Exposicion-de-religion-web-3.png 1200w\" sizes=\"(max-width: 1024px) 100vw, 1024px\" \/><\/figure>\n\n\n\n<figure class=\"wp-block-image size-large\"><img decoding=\"async\" width=\"1024\" height=\"768\" data-id=\"29488\" src=\"https:\/\/ssr.cl\/home\/wp-content\/uploads\/2025\/11\/Exposicion-de-religion-web-2-1024x768.png\" alt=\"\" class=\"wp-image-29488\" srcset=\"https:\/\/ssr.cl\/home\/wp-content\/uploads\/2025\/11\/Exposicion-de-religion-web-2-1024x768.png 1024w, https:\/\/ssr.cl\/home\/wp-content\/uploads\/2025\/11\/Exposicion-de-religion-web-2-300x225.png 300w, https:\/\/ssr.cl\/home\/wp-content\/uploads\/2025\/11\/Exposicion-de-religion-web-2-768x576.png 768w, https:\/\/ssr.cl\/home\/wp-content\/uploads\/2025\/11\/Exposicion-de-religion-web-2.png 1200w\" sizes=\"(max-width: 1024px) 100vw, 1024px\" \/><\/figure>\n<\/figure>\n","protected":false},"excerpt":{"rendered":"<p>Con el prop\u00f3sito de difundir el trabajo desarrollado por los estudiantes durante la \u00faltima semana, el Colegio inaugur\u00f3 hoy la exposici\u00f3n \u201cReligi\u00f3n, Historia, Creencias y Valores\u201d en la biblioteca de la sede Valpara\u00edso. La muestra re\u00fane producciones de distintos niveles educativos y destaca por la participaci\u00f3n de estudiantes que actuaron como mediadores, guiando a sus [&hellip;]<\/p>\n","protected":false},"author":4,"featured_media":29486,"comment_status":"open","ping_status":"open","sticky":false,"template":"","format":"standard","meta":{"footnotes":""},"categories":[75],"tags":[],"class_list":["post-29485","post","type-post","status-publish","format-standard","has-post-thumbnail","hentry","category-area-academica"],"_links":{"self":[{"href":"https:\/\/ssr.cl\/home\/wp-json\/wp\/v2\/posts\/29485","targetHints":{"allow":["GET"]}}],"collection":[{"href":"https:\/\/ssr.cl\/home\/wp-json\/wp\/v2\/posts"}],"about":[{"href":"https:\/\/ssr.cl\/home\/wp-json\/wp\/v2\/types\/post"}],"author":[{"embeddable":true,"href":"https:\/\/ssr.cl\/home\/wp-json\/wp\/v2\/users\/4"}],"replies":[{"embeddable":true,"href":"https:\/\/ssr.cl\/home\/wp-json\/wp\/v2\/comments?post=29485"}],"version-history":[{"count":3,"href":"https:\/\/ssr.cl\/home\/wp-json\/wp\/v2\/posts\/29485\/revisions"}],"predecessor-version":[{"id":29492,"href":"https:\/\/ssr.cl\/home\/wp-json\/wp\/v2\/posts\/29485\/revisions\/29492"}],"wp:featuredmedia":[{"embeddable":true,"href":"https:\/\/ssr.cl\/home\/wp-json\/wp\/v2\/media\/29486"}],"wp:attachment":[{"href":"https:\/\/ssr.cl\/home\/wp-json\/wp\/v2\/media?parent=29485"}],"wp:term":[{"taxonomy":"category","embeddable":true,"href":"https:\/\/ssr.cl\/home\/wp-json\/wp\/v2\/categories?post=29485"},{"taxonomy":"post_tag","embeddable":true,"href":"https:\/\/ssr.cl\/home\/wp-json\/wp\/v2\/tags?post=29485"}],"curies":[{"name":"wp","href":"https:\/\/api.w.org\/{rel}","templated":true}]}}