{"id":29493,"date":"2025-11-19T16:42:07","date_gmt":"2025-11-19T19:42:07","guid":{"rendered":"https:\/\/ssr.cl\/home\/?p=29493"},"modified":"2025-11-19T16:42:59","modified_gmt":"2025-11-19T19:42:59","slug":"29493-2","status":"publish","type":"post","link":"https:\/\/ssr.cl\/home\/29493-2\/","title":{"rendered":"Profesor Lombardo dona ejemplares de su \u00faltimo libro a biblioteca SSR"},"content":{"rendered":"\n<p>El pasado 7 de noviembre, el Colegio tuvo el honor de recibir la visita del profesor Patricio Lombardo, profesor del Instituto de Filosof\u00eda de la Pontificia Universidad Cat\u00f3lica de Valpara\u00edso (PUCV). En esta ocasi\u00f3n, el acad\u00e9mico realiz\u00f3 una importante donaci\u00f3n a nuestra biblioteca: su m\u00e1s reciente publicaci\u00f3n titulada \u201cTeolog\u00eda y filosof\u00eda del cuerpo y alma\u201d.<\/p>\n\n\n\n<p>En este libro, el profesor Lombardo ofrece una reflexi\u00f3n profunda sobre la comprensi\u00f3n de la persona humana, enfatizando la unidad esencial entre cuerpo y alma. A diferencia de las aproximaciones m\u00e1s tradicionales, que suelen situar la mente y la raz\u00f3n en un lugar predominante, el autor propone una mirada que releva el valor del cuerpo como parte constitutiva de la identidad humana. Esta perspectiva abre un espacio de di\u00e1logo y cuestionamiento que resulta especialmente significativo para nuestros estudiantes.<\/p>\n\n\n\n<p>Nuestro profesor de Filosof\u00eda, Cristian R\u00edos, extendi\u00f3 una invitaci\u00f3n a los j\u00f3venes de III y IV Medio a acercarse al texto y explorar esta propuesta teol\u00f3gica y filos\u00f3fica que aporta una visi\u00f3n distinta y enriquecedora sobre la persona. La obra se encuentra disponible en la biblioteca para consulta y pr\u00e9stamo.<\/p>\n\n\n\n<p>Como comunidad educativa, expresamos nuestro agradecimiento al profesor Lombardo por esta generosa donaci\u00f3n, que se suma al compromiso permanente del Colegio con una formaci\u00f3n integral, reflexiva y abierta a diversas corrientes de pensamiento. Sin duda, este aporte viene a enriquecer el acervo intelectual de nuestros estudiantes y a ampliar sus posibilidades de lectura y di\u00e1logo acad\u00e9mico.<\/p>\n\n\n\n<figure class=\"wp-block-gallery has-nested-images columns-default is-cropped wp-block-gallery-1 is-layout-flex wp-block-gallery-is-layout-flex\">\n<figure class=\"wp-block-image size-large\"><img fetchpriority=\"high\" decoding=\"async\" width=\"1024\" height=\"768\" data-id=\"29494\" src=\"https:\/\/ssr.cl\/home\/wp-content\/uploads\/2025\/11\/Web-Teologia-y-filosofia-del-cuerpo-y-alma-1200-x-900-px.zip-4-1024x768.png\" alt=\"\" class=\"wp-image-29494\" srcset=\"https:\/\/ssr.cl\/home\/wp-content\/uploads\/2025\/11\/Web-Teologia-y-filosofia-del-cuerpo-y-alma-1200-x-900-px.zip-4-1024x768.png 1024w, https:\/\/ssr.cl\/home\/wp-content\/uploads\/2025\/11\/Web-Teologia-y-filosofia-del-cuerpo-y-alma-1200-x-900-px.zip-4-300x225.png 300w, https:\/\/ssr.cl\/home\/wp-content\/uploads\/2025\/11\/Web-Teologia-y-filosofia-del-cuerpo-y-alma-1200-x-900-px.zip-4-768x576.png 768w, https:\/\/ssr.cl\/home\/wp-content\/uploads\/2025\/11\/Web-Teologia-y-filosofia-del-cuerpo-y-alma-1200-x-900-px.zip-4.png 1200w\" sizes=\"(max-width: 1024px) 100vw, 1024px\" \/><\/figure>\n\n\n\n<figure class=\"wp-block-image size-large\"><img decoding=\"async\" width=\"1024\" height=\"768\" data-id=\"29495\" src=\"https:\/\/ssr.cl\/home\/wp-content\/uploads\/2025\/11\/Web-Teologia-y-filosofia-del-cuerpo-y-alma-1200-x-900-px.zip-1-1024x768.png\" alt=\"\" class=\"wp-image-29495\" srcset=\"https:\/\/ssr.cl\/home\/wp-content\/uploads\/2025\/11\/Web-Teologia-y-filosofia-del-cuerpo-y-alma-1200-x-900-px.zip-1-1024x768.png 1024w, https:\/\/ssr.cl\/home\/wp-content\/uploads\/2025\/11\/Web-Teologia-y-filosofia-del-cuerpo-y-alma-1200-x-900-px.zip-1-300x225.png 300w, https:\/\/ssr.cl\/home\/wp-content\/uploads\/2025\/11\/Web-Teologia-y-filosofia-del-cuerpo-y-alma-1200-x-900-px.zip-1-768x576.png 768w, https:\/\/ssr.cl\/home\/wp-content\/uploads\/2025\/11\/Web-Teologia-y-filosofia-del-cuerpo-y-alma-1200-x-900-px.zip-1.png 1200w\" sizes=\"(max-width: 1024px) 100vw, 1024px\" \/><\/figure>\n\n\n\n<figure class=\"wp-block-image size-large\"><img decoding=\"async\" width=\"1024\" height=\"768\" data-id=\"29496\" src=\"https:\/\/ssr.cl\/home\/wp-content\/uploads\/2025\/11\/Web-Teologia-y-filosofia-del-cuerpo-y-alma-1200-x-900-px.zip-3-1024x768.png\" alt=\"\" class=\"wp-image-29496\" srcset=\"https:\/\/ssr.cl\/home\/wp-content\/uploads\/2025\/11\/Web-Teologia-y-filosofia-del-cuerpo-y-alma-1200-x-900-px.zip-3-1024x768.png 1024w, https:\/\/ssr.cl\/home\/wp-content\/uploads\/2025\/11\/Web-Teologia-y-filosofia-del-cuerpo-y-alma-1200-x-900-px.zip-3-300x225.png 300w, https:\/\/ssr.cl\/home\/wp-content\/uploads\/2025\/11\/Web-Teologia-y-filosofia-del-cuerpo-y-alma-1200-x-900-px.zip-3-768x576.png 768w, https:\/\/ssr.cl\/home\/wp-content\/uploads\/2025\/11\/Web-Teologia-y-filosofia-del-cuerpo-y-alma-1200-x-900-px.zip-3.png 1200w\" sizes=\"(max-width: 1024px) 100vw, 1024px\" \/><\/figure>\n\n\n\n<figure class=\"wp-block-image size-large\"><img loading=\"lazy\" decoding=\"async\" width=\"1024\" height=\"768\" data-id=\"29497\" src=\"https:\/\/ssr.cl\/home\/wp-content\/uploads\/2025\/11\/Web-Teologia-y-filosofia-del-cuerpo-y-alma-1200-x-900-px.zip-2-1024x768.png\" alt=\"\" class=\"wp-image-29497\" srcset=\"https:\/\/ssr.cl\/home\/wp-content\/uploads\/2025\/11\/Web-Teologia-y-filosofia-del-cuerpo-y-alma-1200-x-900-px.zip-2-1024x768.png 1024w, https:\/\/ssr.cl\/home\/wp-content\/uploads\/2025\/11\/Web-Teologia-y-filosofia-del-cuerpo-y-alma-1200-x-900-px.zip-2-300x225.png 300w, https:\/\/ssr.cl\/home\/wp-content\/uploads\/2025\/11\/Web-Teologia-y-filosofia-del-cuerpo-y-alma-1200-x-900-px.zip-2-768x576.png 768w, https:\/\/ssr.cl\/home\/wp-content\/uploads\/2025\/11\/Web-Teologia-y-filosofia-del-cuerpo-y-alma-1200-x-900-px.zip-2.png 1200w\" sizes=\"(max-width: 1024px) 100vw, 1024px\" \/><\/figure>\n<\/figure>\n","protected":false},"excerpt":{"rendered":"<p>El pasado 7 de noviembre, el Colegio tuvo el honor de recibir la visita del profesor Patricio Lombardo, profesor del Instituto de Filosof\u00eda de la Pontificia Universidad Cat\u00f3lica de Valpara\u00edso (PUCV). En esta ocasi\u00f3n, el acad\u00e9mico realiz\u00f3 una importante donaci\u00f3n a nuestra biblioteca: su m\u00e1s reciente publicaci\u00f3n titulada \u201cTeolog\u00eda y filosof\u00eda del cuerpo y alma\u201d. [&hellip;]<\/p>\n","protected":false},"author":4,"featured_media":29495,"comment_status":"open","ping_status":"open","sticky":false,"template":"","format":"standard","meta":{"footnotes":""},"categories":[75],"tags":[],"class_list":["post-29493","post","type-post","status-publish","format-standard","has-post-thumbnail","hentry","category-area-academica"],"_links":{"self":[{"href":"https:\/\/ssr.cl\/home\/wp-json\/wp\/v2\/posts\/29493","targetHints":{"allow":["GET"]}}],"collection":[{"href":"https:\/\/ssr.cl\/home\/wp-json\/wp\/v2\/posts"}],"about":[{"href":"https:\/\/ssr.cl\/home\/wp-json\/wp\/v2\/types\/post"}],"author":[{"embeddable":true,"href":"https:\/\/ssr.cl\/home\/wp-json\/wp\/v2\/users\/4"}],"replies":[{"embeddable":true,"href":"https:\/\/ssr.cl\/home\/wp-json\/wp\/v2\/comments?post=29493"}],"version-history":[{"count":3,"href":"https:\/\/ssr.cl\/home\/wp-json\/wp\/v2\/posts\/29493\/revisions"}],"predecessor-version":[{"id":29501,"href":"https:\/\/ssr.cl\/home\/wp-json\/wp\/v2\/posts\/29493\/revisions\/29501"}],"wp:featuredmedia":[{"embeddable":true,"href":"https:\/\/ssr.cl\/home\/wp-json\/wp\/v2\/media\/29495"}],"wp:attachment":[{"href":"https:\/\/ssr.cl\/home\/wp-json\/wp\/v2\/media?parent=29493"}],"wp:term":[{"taxonomy":"category","embeddable":true,"href":"https:\/\/ssr.cl\/home\/wp-json\/wp\/v2\/categories?post=29493"},{"taxonomy":"post_tag","embeddable":true,"href":"https:\/\/ssr.cl\/home\/wp-json\/wp\/v2\/tags?post=29493"}],"curies":[{"name":"wp","href":"https:\/\/api.w.org\/{rel}","templated":true}]}}