{"id":29522,"date":"2025-11-24T10:37:45","date_gmt":"2025-11-24T13:37:45","guid":{"rendered":"https:\/\/ssr.cl\/home\/?p=29522"},"modified":"2025-11-24T10:37:47","modified_gmt":"2025-11-24T13:37:47","slug":"ninos-de-kinder-viajan-al-espacio","status":"publish","type":"post","link":"https:\/\/ssr.cl\/home\/ninos-de-kinder-viajan-al-espacio\/","title":{"rendered":"Ni\u00f1os de K\u00ednder viajan al espacio"},"content":{"rendered":"\n<p>Esta semana nuestros alumnos vivieron una incre\u00edble experiencia ya que pudieron tener clases en medio del Universo. \u00bfC\u00f3mo? Gracias a la gesti\u00f3n de nuestro apoderado Nelson Videla, profesor del Instituto de F\u00edsica de la PUCV, quien, a partir de una proyecci\u00f3n del Universo en el techo de la sala, les ense\u00f1\u00f3 a identificar las estrellas , el sol y algunos planetas. <\/p>\n\n\n\n<p>Los ni\u00f1os aprendieron que la Tierra no es el \u00fanico planeta que gira alrededor del sol y que existen constelaciones que aprendieron a reconocer y se les cont\u00f3 el mito que hay detr\u00e1s de ellas. Tambi\u00e9n, nuestros peque\u00f1os alumnos con un telescopio pudieron observar el sol. <\/p>\n\n\n\n<p>Agradecemos a nuestro apoderado y al Instituto de F\u00edsica de la PUCV por esta gran actividad que permite fomentar la imaginaci\u00f3n y el pensamiento cient\u00edfico en nuestr@s peque\u00f1os estudiantes.<\/p>\n\n\n\n<figure class=\"wp-block-gallery has-nested-images columns-default is-cropped wp-block-gallery-1 is-layout-flex wp-block-gallery-is-layout-flex\">\n<figure class=\"wp-block-image size-large\"><img fetchpriority=\"high\" decoding=\"async\" width=\"1024\" height=\"768\" data-id=\"29524\" src=\"https:\/\/ssr.cl\/home\/wp-content\/uploads\/2025\/11\/1-12-1024x768.png\" alt=\"\" class=\"wp-image-29524\" srcset=\"https:\/\/ssr.cl\/home\/wp-content\/uploads\/2025\/11\/1-12-1024x768.png 1024w, https:\/\/ssr.cl\/home\/wp-content\/uploads\/2025\/11\/1-12-300x225.png 300w, https:\/\/ssr.cl\/home\/wp-content\/uploads\/2025\/11\/1-12-768x576.png 768w, https:\/\/ssr.cl\/home\/wp-content\/uploads\/2025\/11\/1-12.png 1200w\" sizes=\"(max-width: 1024px) 100vw, 1024px\" \/><\/figure>\n\n\n\n<figure class=\"wp-block-image size-large\"><img decoding=\"async\" width=\"1024\" height=\"768\" data-id=\"29525\" src=\"https:\/\/ssr.cl\/home\/wp-content\/uploads\/2025\/11\/2-11-1024x768.png\" alt=\"\" class=\"wp-image-29525\" srcset=\"https:\/\/ssr.cl\/home\/wp-content\/uploads\/2025\/11\/2-11-1024x768.png 1024w, https:\/\/ssr.cl\/home\/wp-content\/uploads\/2025\/11\/2-11-300x225.png 300w, https:\/\/ssr.cl\/home\/wp-content\/uploads\/2025\/11\/2-11-768x576.png 768w, https:\/\/ssr.cl\/home\/wp-content\/uploads\/2025\/11\/2-11.png 1200w\" sizes=\"(max-width: 1024px) 100vw, 1024px\" \/><\/figure>\n\n\n\n<figure class=\"wp-block-image size-large\"><img decoding=\"async\" width=\"1024\" height=\"768\" data-id=\"29523\" src=\"https:\/\/ssr.cl\/home\/wp-content\/uploads\/2025\/11\/3-9-1024x768.png\" alt=\"\" class=\"wp-image-29523\" srcset=\"https:\/\/ssr.cl\/home\/wp-content\/uploads\/2025\/11\/3-9-1024x768.png 1024w, https:\/\/ssr.cl\/home\/wp-content\/uploads\/2025\/11\/3-9-300x225.png 300w, https:\/\/ssr.cl\/home\/wp-content\/uploads\/2025\/11\/3-9-768x576.png 768w, https:\/\/ssr.cl\/home\/wp-content\/uploads\/2025\/11\/3-9.png 1200w\" sizes=\"(max-width: 1024px) 100vw, 1024px\" \/><\/figure>\n<\/figure>\n","protected":false},"excerpt":{"rendered":"<p>Esta semana nuestros alumnos vivieron una incre\u00edble experiencia ya que pudieron tener clases en medio del Universo. \u00bfC\u00f3mo? Gracias a la gesti\u00f3n de nuestro apoderado Nelson Videla, profesor del Instituto de F\u00edsica de la PUCV, quien, a partir de una proyecci\u00f3n del Universo en el techo de la sala, les ense\u00f1\u00f3 a identificar las estrellas [&hellip;]<\/p>\n","protected":false},"author":4,"featured_media":29524,"comment_status":"open","ping_status":"open","sticky":false,"template":"","format":"standard","meta":{"footnotes":""},"categories":[75],"tags":[],"class_list":["post-29522","post","type-post","status-publish","format-standard","has-post-thumbnail","hentry","category-area-academica"],"_links":{"self":[{"href":"https:\/\/ssr.cl\/home\/wp-json\/wp\/v2\/posts\/29522","targetHints":{"allow":["GET"]}}],"collection":[{"href":"https:\/\/ssr.cl\/home\/wp-json\/wp\/v2\/posts"}],"about":[{"href":"https:\/\/ssr.cl\/home\/wp-json\/wp\/v2\/types\/post"}],"author":[{"embeddable":true,"href":"https:\/\/ssr.cl\/home\/wp-json\/wp\/v2\/users\/4"}],"replies":[{"embeddable":true,"href":"https:\/\/ssr.cl\/home\/wp-json\/wp\/v2\/comments?post=29522"}],"version-history":[{"count":1,"href":"https:\/\/ssr.cl\/home\/wp-json\/wp\/v2\/posts\/29522\/revisions"}],"predecessor-version":[{"id":29526,"href":"https:\/\/ssr.cl\/home\/wp-json\/wp\/v2\/posts\/29522\/revisions\/29526"}],"wp:featuredmedia":[{"embeddable":true,"href":"https:\/\/ssr.cl\/home\/wp-json\/wp\/v2\/media\/29524"}],"wp:attachment":[{"href":"https:\/\/ssr.cl\/home\/wp-json\/wp\/v2\/media?parent=29522"}],"wp:term":[{"taxonomy":"category","embeddable":true,"href":"https:\/\/ssr.cl\/home\/wp-json\/wp\/v2\/categories?post=29522"},{"taxonomy":"post_tag","embeddable":true,"href":"https:\/\/ssr.cl\/home\/wp-json\/wp\/v2\/tags?post=29522"}],"curies":[{"name":"wp","href":"https:\/\/api.w.org\/{rel}","templated":true}]}}