{"id":29591,"date":"2025-11-30T22:54:20","date_gmt":"2025-12-01T01:54:20","guid":{"rendered":"https:\/\/ssr.cl\/home\/?p=29591"},"modified":"2025-11-30T22:57:03","modified_gmt":"2025-12-01T01:57:03","slug":"dia-de-las-ciencias-cierra-actividades-del-area","status":"publish","type":"post","link":"https:\/\/ssr.cl\/home\/dia-de-las-ciencias-cierra-actividades-del-area\/","title":{"rendered":"D\u00eda de las ciencias cierra actividades del \u00e1rea"},"content":{"rendered":"\n<p>Esta ma\u00f1ana vivimos una jornada llena de curiosidad, creatividad y aprendizaje, donde estudiantes desde 5\u00b0 B\u00e1sico hasta III Medio presentaron sus trabajos desarrollados en Qu\u00edmica, F\u00edsica, Biolog\u00eda, adem\u00e1s de los proyectos del Taller de Huertos y la Brigada Ecol\u00f3gica. <\/p>\n\n\n\n<p>A las 12:00 hrs se realizaron cuatro charlas simult\u00e1neas, pensadas seg\u00fan la edad de los participantes, que acercaron la ciencia de manera entretenida y significativa:<\/p>\n\n\n\n<p>1 Historia de la F\u00edsica explicada con gatitos \u2013 Instituto de F\u00edsica PUCV @fisicapucv<br>2 Ciencia en acci\u00f3n \u2013 Instituto de F\u00edsica PUCV<br>3 F\u00edsica y cine \u2013 Instituto de F\u00edsica PUCV<br>4 Neurobiolog\u00eda del cerebro adolescente \u2013 Dr. Marco Fuenzalida, Director del Instituto de Fisiolog\u00eda, Universidad de Valpara\u00edso @plasticidadneuronal.uv<\/p>\n\n\n\n<p>Agradecemos profundamente a los profesionales invitados por abrir nuevas miradas sobre el mundo cient\u00edfico y ofrecer experiencias \u00fanicas a nuestros estudiantes.<\/p>\n\n\n\n<p>Y un reconocimiento especial a las y los profesores del Departamento de Ciencias, cuyo trabajo constante hizo posible esta gran actividad que culmina un importante ciclo de formaci\u00f3n cient\u00edfica en nuestro Colegio.<\/p>\n\n\n\n<figure class=\"wp-block-gallery has-nested-images columns-default is-cropped wp-block-gallery-1 is-layout-flex wp-block-gallery-is-layout-flex\">\n<figure class=\"wp-block-image size-large\"><img fetchpriority=\"high\" decoding=\"async\" width=\"1024\" height=\"768\" data-id=\"29596\" src=\"https:\/\/ssr.cl\/home\/wp-content\/uploads\/2025\/11\/Dia-de-las-ciencias-1-1024x768.png\" alt=\"\" class=\"wp-image-29596\" srcset=\"https:\/\/ssr.cl\/home\/wp-content\/uploads\/2025\/11\/Dia-de-las-ciencias-1-1024x768.png 1024w, https:\/\/ssr.cl\/home\/wp-content\/uploads\/2025\/11\/Dia-de-las-ciencias-1-300x225.png 300w, https:\/\/ssr.cl\/home\/wp-content\/uploads\/2025\/11\/Dia-de-las-ciencias-1-768x576.png 768w, https:\/\/ssr.cl\/home\/wp-content\/uploads\/2025\/11\/Dia-de-las-ciencias-1.png 1200w\" sizes=\"(max-width: 1024px) 100vw, 1024px\" \/><\/figure>\n\n\n\n<figure class=\"wp-block-image size-large\"><img decoding=\"async\" width=\"1024\" height=\"768\" data-id=\"29595\" src=\"https:\/\/ssr.cl\/home\/wp-content\/uploads\/2025\/11\/Dia-de-las-ciencias-2-1024x768.png\" alt=\"\" class=\"wp-image-29595\" srcset=\"https:\/\/ssr.cl\/home\/wp-content\/uploads\/2025\/11\/Dia-de-las-ciencias-2-1024x768.png 1024w, https:\/\/ssr.cl\/home\/wp-content\/uploads\/2025\/11\/Dia-de-las-ciencias-2-300x225.png 300w, https:\/\/ssr.cl\/home\/wp-content\/uploads\/2025\/11\/Dia-de-las-ciencias-2-768x576.png 768w, https:\/\/ssr.cl\/home\/wp-content\/uploads\/2025\/11\/Dia-de-las-ciencias-2.png 1200w\" sizes=\"(max-width: 1024px) 100vw, 1024px\" \/><\/figure>\n\n\n\n<figure class=\"wp-block-image size-large\"><img decoding=\"async\" width=\"1024\" height=\"768\" data-id=\"29594\" src=\"https:\/\/ssr.cl\/home\/wp-content\/uploads\/2025\/11\/Dia-de-las-ciencias-4-1024x768.png\" alt=\"\" class=\"wp-image-29594\" srcset=\"https:\/\/ssr.cl\/home\/wp-content\/uploads\/2025\/11\/Dia-de-las-ciencias-4-1024x768.png 1024w, https:\/\/ssr.cl\/home\/wp-content\/uploads\/2025\/11\/Dia-de-las-ciencias-4-300x225.png 300w, https:\/\/ssr.cl\/home\/wp-content\/uploads\/2025\/11\/Dia-de-las-ciencias-4-768x576.png 768w, https:\/\/ssr.cl\/home\/wp-content\/uploads\/2025\/11\/Dia-de-las-ciencias-4.png 1200w\" sizes=\"(max-width: 1024px) 100vw, 1024px\" \/><\/figure>\n\n\n\n<figure class=\"wp-block-image size-large\"><img loading=\"lazy\" decoding=\"async\" width=\"1024\" height=\"768\" data-id=\"29593\" src=\"https:\/\/ssr.cl\/home\/wp-content\/uploads\/2025\/11\/Dia-de-las-ciencias-3-1024x768.png\" alt=\"\" class=\"wp-image-29593\" srcset=\"https:\/\/ssr.cl\/home\/wp-content\/uploads\/2025\/11\/Dia-de-las-ciencias-3-1024x768.png 1024w, https:\/\/ssr.cl\/home\/wp-content\/uploads\/2025\/11\/Dia-de-las-ciencias-3-300x225.png 300w, https:\/\/ssr.cl\/home\/wp-content\/uploads\/2025\/11\/Dia-de-las-ciencias-3-768x576.png 768w, https:\/\/ssr.cl\/home\/wp-content\/uploads\/2025\/11\/Dia-de-las-ciencias-3.png 1200w\" sizes=\"(max-width: 1024px) 100vw, 1024px\" \/><\/figure>\n<\/figure>\n","protected":false},"excerpt":{"rendered":"<p>Esta ma\u00f1ana vivimos una jornada llena de curiosidad, creatividad y aprendizaje, donde estudiantes desde 5\u00b0 B\u00e1sico hasta III Medio presentaron sus trabajos desarrollados en Qu\u00edmica, F\u00edsica, Biolog\u00eda, adem\u00e1s de los proyectos del Taller de Huertos y la Brigada Ecol\u00f3gica. A las 12:00 hrs se realizaron cuatro charlas simult\u00e1neas, pensadas seg\u00fan la edad de los participantes, [&hellip;]<\/p>\n","protected":false},"author":4,"featured_media":29593,"comment_status":"open","ping_status":"open","sticky":false,"template":"","format":"standard","meta":{"footnotes":""},"categories":[75],"tags":[],"class_list":["post-29591","post","type-post","status-publish","format-standard","has-post-thumbnail","hentry","category-area-academica"],"_links":{"self":[{"href":"https:\/\/ssr.cl\/home\/wp-json\/wp\/v2\/posts\/29591","targetHints":{"allow":["GET"]}}],"collection":[{"href":"https:\/\/ssr.cl\/home\/wp-json\/wp\/v2\/posts"}],"about":[{"href":"https:\/\/ssr.cl\/home\/wp-json\/wp\/v2\/types\/post"}],"author":[{"embeddable":true,"href":"https:\/\/ssr.cl\/home\/wp-json\/wp\/v2\/users\/4"}],"replies":[{"embeddable":true,"href":"https:\/\/ssr.cl\/home\/wp-json\/wp\/v2\/comments?post=29591"}],"version-history":[{"count":2,"href":"https:\/\/ssr.cl\/home\/wp-json\/wp\/v2\/posts\/29591\/revisions"}],"predecessor-version":[{"id":29598,"href":"https:\/\/ssr.cl\/home\/wp-json\/wp\/v2\/posts\/29591\/revisions\/29598"}],"wp:featuredmedia":[{"embeddable":true,"href":"https:\/\/ssr.cl\/home\/wp-json\/wp\/v2\/media\/29593"}],"wp:attachment":[{"href":"https:\/\/ssr.cl\/home\/wp-json\/wp\/v2\/media?parent=29591"}],"wp:term":[{"taxonomy":"category","embeddable":true,"href":"https:\/\/ssr.cl\/home\/wp-json\/wp\/v2\/categories?post=29591"},{"taxonomy":"post_tag","embeddable":true,"href":"https:\/\/ssr.cl\/home\/wp-json\/wp\/v2\/tags?post=29591"}],"curies":[{"name":"wp","href":"https:\/\/api.w.org\/{rel}","templated":true}]}}