{"id":29608,"date":"2025-12-09T16:35:35","date_gmt":"2025-12-09T19:35:35","guid":{"rendered":"https:\/\/ssr.cl\/home\/?p=29608"},"modified":"2025-12-09T16:35:36","modified_gmt":"2025-12-09T19:35:36","slug":"alumnos-finalizan-formacion-en-liderazgo-de-fundacion-pacto-social","status":"publish","type":"post","link":"https:\/\/ssr.cl\/home\/alumnos-finalizan-formacion-en-liderazgo-de-fundacion-pacto-social\/","title":{"rendered":"Alumnos finalizan formaci\u00f3n en liderazgo de Fundaci\u00f3n Pacto Social"},"content":{"rendered":"\n<p>El viernes pasado, el centro de estudiantes de la sede de Valpara\u00edso y alumnos de II medio asistieron a la Casa Central de la PUCV a una actividad de cierre de un proyecto de liderazgo juvenil impulsado por la Fundaci\u00f3n pacto Social, instancia donde participa la sede de Valpara\u00edso por tercer a\u00f1o consecutivo.<\/p>\n\n\n\n<p>Este grupo fue becado y particip\u00f3 todos los martes en talleres formativos en los cuales se trabajaron proyectos que buscaban abordar y problem\u00e1ticas que enfrentan los habitantes de la comuna de Valpara\u00edso, como seguridad, delincuencia, salud mental, mal uso de RR.SS, entre otros. La idea que los asistentes fueran proponiendo y desarrollando iniciativas que buscaban resolver o mitigar estos fen\u00f3menos sociales.<\/p>\n\n\n\n<p>En la ocasi\u00f3n, los estudiantes presentaron el proyecto trabajado durante esos meses. Adem\u00e1s, tuvieron la oportunidad de invitar a profesores, amigos y apoderados, quienes tambi\u00e9n se sumaron a una din\u00e1mica de trabajo a partir de mesas, donde tuvieron que buscar soluciones a distintos desaf\u00edos.<\/p>\n\n\n\n<p>Los beneficiarios de este proyecto son j\u00f3venes de establecimientos educacionales del eje Avda. Argentina de Valpara\u00edso. La idea de la Fundaci\u00f3n pacto Social es&nbsp; recoger las ideas propuestas por los participantes y buscar su implementaci\u00f3n, en aras de involucrar a los j\u00f3venes con las tem\u00e1ticas y soluciones que se presentan en su territorio.<\/p>\n\n\n\n<p>Agradecemos a la profesora Karen Bascu\u00f1\u00e1n, asesora del Centro de Estudiantes, al profesor Tom\u00e1s Mart\u00ednez, a los apoderados y miembros del equipo directivo por acompa\u00f1ar a los j\u00f3venes participantes en la actividad. Es satisfactorio para nuestra instituci\u00f3n ver c\u00f3mo la comunidad acompa\u00f1a y apoya a j\u00f3venes que van formando y desarrollando sus dones de liderazgo para as\u00ed cumplir su rol no s\u00f3lo en lo inmediato al interior de nuestro Colegio, sino que tambi\u00e9n, a futuro como Universitario y espacios donde se desenvuelvan.<\/p>\n\n\n\n<figure class=\"wp-block-gallery has-nested-images columns-default is-cropped wp-block-gallery-1 is-layout-flex wp-block-gallery-is-layout-flex\">\n<figure class=\"wp-block-image size-large\"><img fetchpriority=\"high\" decoding=\"async\" width=\"1024\" height=\"768\" data-id=\"29609\" src=\"https:\/\/ssr.cl\/home\/wp-content\/uploads\/2025\/12\/1-1-1024x768.png\" alt=\"\" class=\"wp-image-29609\" srcset=\"https:\/\/ssr.cl\/home\/wp-content\/uploads\/2025\/12\/1-1-1024x768.png 1024w, https:\/\/ssr.cl\/home\/wp-content\/uploads\/2025\/12\/1-1-300x225.png 300w, https:\/\/ssr.cl\/home\/wp-content\/uploads\/2025\/12\/1-1-768x576.png 768w, https:\/\/ssr.cl\/home\/wp-content\/uploads\/2025\/12\/1-1.png 1200w\" sizes=\"(max-width: 1024px) 100vw, 1024px\" \/><\/figure>\n\n\n\n<figure class=\"wp-block-image size-large\"><img decoding=\"async\" width=\"1024\" height=\"768\" data-id=\"29610\" src=\"https:\/\/ssr.cl\/home\/wp-content\/uploads\/2025\/12\/2-1-1024x768.png\" alt=\"\" class=\"wp-image-29610\" srcset=\"https:\/\/ssr.cl\/home\/wp-content\/uploads\/2025\/12\/2-1-1024x768.png 1024w, https:\/\/ssr.cl\/home\/wp-content\/uploads\/2025\/12\/2-1-300x225.png 300w, https:\/\/ssr.cl\/home\/wp-content\/uploads\/2025\/12\/2-1-768x576.png 768w, https:\/\/ssr.cl\/home\/wp-content\/uploads\/2025\/12\/2-1.png 1200w\" sizes=\"(max-width: 1024px) 100vw, 1024px\" \/><\/figure>\n<\/figure>\n","protected":false},"excerpt":{"rendered":"<p>El viernes pasado, el centro de estudiantes de la sede de Valpara\u00edso y alumnos de II medio asistieron a la Casa Central de la PUCV a una actividad de cierre de un proyecto de liderazgo juvenil impulsado por la Fundaci\u00f3n pacto Social, instancia donde participa la sede de Valpara\u00edso por tercer a\u00f1o consecutivo. Este grupo [&hellip;]<\/p>\n","protected":false},"author":4,"featured_media":29609,"comment_status":"open","ping_status":"open","sticky":false,"template":"","format":"standard","meta":{"footnotes":""},"categories":[75],"tags":[],"class_list":["post-29608","post","type-post","status-publish","format-standard","has-post-thumbnail","hentry","category-area-academica"],"_links":{"self":[{"href":"https:\/\/ssr.cl\/home\/wp-json\/wp\/v2\/posts\/29608","targetHints":{"allow":["GET"]}}],"collection":[{"href":"https:\/\/ssr.cl\/home\/wp-json\/wp\/v2\/posts"}],"about":[{"href":"https:\/\/ssr.cl\/home\/wp-json\/wp\/v2\/types\/post"}],"author":[{"embeddable":true,"href":"https:\/\/ssr.cl\/home\/wp-json\/wp\/v2\/users\/4"}],"replies":[{"embeddable":true,"href":"https:\/\/ssr.cl\/home\/wp-json\/wp\/v2\/comments?post=29608"}],"version-history":[{"count":1,"href":"https:\/\/ssr.cl\/home\/wp-json\/wp\/v2\/posts\/29608\/revisions"}],"predecessor-version":[{"id":29611,"href":"https:\/\/ssr.cl\/home\/wp-json\/wp\/v2\/posts\/29608\/revisions\/29611"}],"wp:featuredmedia":[{"embeddable":true,"href":"https:\/\/ssr.cl\/home\/wp-json\/wp\/v2\/media\/29609"}],"wp:attachment":[{"href":"https:\/\/ssr.cl\/home\/wp-json\/wp\/v2\/media?parent=29608"}],"wp:term":[{"taxonomy":"category","embeddable":true,"href":"https:\/\/ssr.cl\/home\/wp-json\/wp\/v2\/categories?post=29608"},{"taxonomy":"post_tag","embeddable":true,"href":"https:\/\/ssr.cl\/home\/wp-json\/wp\/v2\/tags?post=29608"}],"curies":[{"name":"wp","href":"https:\/\/api.w.org\/{rel}","templated":true}]}}