{"id":29828,"date":"2026-03-06T10:17:51","date_gmt":"2026-03-06T13:17:51","guid":{"rendered":"https:\/\/ssr.cl\/home\/?p=29828"},"modified":"2026-03-06T10:17:52","modified_gmt":"2026-03-06T13:17:52","slug":"feria-de-las-pulgas-2026-busca-instalar-la-reutilizacion-como-conducta-primaria-en-la-comunidad","status":"publish","type":"post","link":"https:\/\/ssr.cl\/home\/feria-de-las-pulgas-2026-busca-instalar-la-reutilizacion-como-conducta-primaria-en-la-comunidad\/","title":{"rendered":"Feria de las Pulgas 2026 busca instalar la reutilizaci\u00f3n como conducta primaria en la comunidad"},"content":{"rendered":"\n<p>Este s\u00e1bado la sede de Valpara\u00edso ser\u00e1 escenario de una nueva versi\u00f3n de la tradicional Feria de las Pulgas, actividad organizada por el Centro de Padres que invita a toda la comunidad escolar a reencontrarse y, al mismo tiempo, reflexionar sobre la importancia de reutilizar.<\/p>\n\n\n\n<p>En esta ocasi\u00f3n, la feria busca instalar en nuestra comunidad la relevancia de dar una segunda vida a prendas textiles, \u00fatiles y textos escolares, contribuyendo as\u00ed a reducir los residuos y tambi\u00e9n a generar un alivio en el presupuesto familiar.<\/p>\n\n\n\n<p>As\u00ed lo destac\u00f3 Jorge Coucoch, presidente del Centro de Padres de la sede Valpara\u00edso, quien se\u00f1al\u00f3 que el trabajo de las familias debe ir en sinton\u00eda con los esfuerzos medioambientales que impulsa el colegio.<\/p>\n\n\n\n<p>Durante la jornada, las familias podr\u00e1n recorrer m\u00e1s de 40 stands, visitar el ropero solidario, disfrutar de juegos inflables para los m\u00e1s peque\u00f1os y compartir en el servicio de cafeter\u00eda, en un ambiente pensado para fortalecer los v\u00ednculos de nuestra comunidad tras el per\u00edodo de vacaciones.<\/p>\n\n\n\n<p>Por su parte, Marianela P\u00e9rez, encargada del Proyecto de Educaci\u00f3n Ambiental, subray\u00f3 la importancia de promover la reutilizaci\u00f3n en el contexto escolar, especialmente en el \u00e1mbito textil, recordando que muchas prendas y \u00fatiles que se desechan podr\u00edan seguir cumpliendo un valioso prop\u00f3sito.<\/p>\n\n\n\n<p>Agradecemos a los apoderados que impulsan esta iniciativa, que no solo permite ahorrar y compartir, sino tambi\u00e9n cuidar nuestro planeta y promover una cultura de consumo m\u00e1s responsable.<\/p>\n\n\n\n<figure class=\"wp-block-gallery has-nested-images columns-default is-cropped wp-block-gallery-1 is-layout-flex wp-block-gallery-is-layout-flex\">\n<figure class=\"wp-block-image size-large\"><img fetchpriority=\"high\" decoding=\"async\" width=\"1024\" height=\"768\" data-id=\"29830\" src=\"https:\/\/ssr.cl\/home\/wp-content\/uploads\/2026\/03\/Web-feria-de-las-pulgas1-1-1024x768.png\" alt=\"\" class=\"wp-image-29830\" srcset=\"https:\/\/ssr.cl\/home\/wp-content\/uploads\/2026\/03\/Web-feria-de-las-pulgas1-1-1024x768.png 1024w, https:\/\/ssr.cl\/home\/wp-content\/uploads\/2026\/03\/Web-feria-de-las-pulgas1-1-300x225.png 300w, https:\/\/ssr.cl\/home\/wp-content\/uploads\/2026\/03\/Web-feria-de-las-pulgas1-1-768x576.png 768w, https:\/\/ssr.cl\/home\/wp-content\/uploads\/2026\/03\/Web-feria-de-las-pulgas1-1.png 1200w\" sizes=\"(max-width: 1024px) 100vw, 1024px\" \/><\/figure>\n<\/figure>\n","protected":false},"excerpt":{"rendered":"<p>Este s\u00e1bado la sede de Valpara\u00edso ser\u00e1 escenario de una nueva versi\u00f3n de la tradicional Feria de las Pulgas, actividad organizada por el Centro de Padres que invita a toda la comunidad escolar a reencontrarse y, al mismo tiempo, reflexionar sobre la importancia de reutilizar. En esta ocasi\u00f3n, la feria busca instalar en nuestra comunidad [&hellip;]<\/p>\n","protected":false},"author":4,"featured_media":29829,"comment_status":"open","ping_status":"open","sticky":false,"template":"","format":"standard","meta":{"footnotes":""},"categories":[73],"tags":[],"class_list":["post-29828","post","type-post","status-publish","format-standard","has-post-thumbnail","hentry","category-educacion-ambiental"],"_links":{"self":[{"href":"https:\/\/ssr.cl\/home\/wp-json\/wp\/v2\/posts\/29828","targetHints":{"allow":["GET"]}}],"collection":[{"href":"https:\/\/ssr.cl\/home\/wp-json\/wp\/v2\/posts"}],"about":[{"href":"https:\/\/ssr.cl\/home\/wp-json\/wp\/v2\/types\/post"}],"author":[{"embeddable":true,"href":"https:\/\/ssr.cl\/home\/wp-json\/wp\/v2\/users\/4"}],"replies":[{"embeddable":true,"href":"https:\/\/ssr.cl\/home\/wp-json\/wp\/v2\/comments?post=29828"}],"version-history":[{"count":1,"href":"https:\/\/ssr.cl\/home\/wp-json\/wp\/v2\/posts\/29828\/revisions"}],"predecessor-version":[{"id":29831,"href":"https:\/\/ssr.cl\/home\/wp-json\/wp\/v2\/posts\/29828\/revisions\/29831"}],"wp:featuredmedia":[{"embeddable":true,"href":"https:\/\/ssr.cl\/home\/wp-json\/wp\/v2\/media\/29829"}],"wp:attachment":[{"href":"https:\/\/ssr.cl\/home\/wp-json\/wp\/v2\/media?parent=29828"}],"wp:term":[{"taxonomy":"category","embeddable":true,"href":"https:\/\/ssr.cl\/home\/wp-json\/wp\/v2\/categories?post=29828"},{"taxonomy":"post_tag","embeddable":true,"href":"https:\/\/ssr.cl\/home\/wp-json\/wp\/v2\/tags?post=29828"}],"curies":[{"name":"wp","href":"https:\/\/api.w.org\/{rel}","templated":true}]}}