{"id":29963,"date":"2026-03-27T14:46:43","date_gmt":"2026-03-27T17:46:43","guid":{"rendered":"https:\/\/ssr.cl\/home\/?p=29963"},"modified":"2026-03-27T14:46:44","modified_gmt":"2026-03-27T17:46:44","slug":"destacado-historiador-visita-colegio","status":"publish","type":"post","link":"https:\/\/ssr.cl\/home\/destacado-historiador-visita-colegio\/","title":{"rendered":"Destacado historiador visita colegio"},"content":{"rendered":"\n<p> Con el prop\u00f3sito de fortalecer la formaci\u00f3n integral de nuestros estudiantes, los alumnos de Tercero y Cuarto Medio del electivo <em>Comprensi\u00f3n Hist\u00f3rica del Presente<\/em> participaron en una charla acad\u00e9mica dictada por el destacado historiador chileno, Doctor en Historia, Arte y Arqueolog\u00eda de la Universidad Libre de Bruselas (ULB), Jorge Magasich.<\/p>\n\n\n\n<p>El acad\u00e9mico cuenta con una reconocida trayectoria internacional como investigador y docente en Europa, as\u00ed como colaboraciones en diversas revistas especializadas y participaci\u00f3n en organismos dedicados al estudio de Am\u00e9rica Latina. Asimismo, ha sido profesor invitado en distintas universidades, entre ellas la Universidad de Concepci\u00f3n, la Universidad de Bucarest (Rumania) y la Universidad de Chile.<\/p>\n\n\n\n<p>Esta instancia permiti\u00f3 a los estudiantes aproximarse al estudio de la historia reciente desde una perspectiva acad\u00e9mica rigurosa, promoviendo el an\u00e1lisis cr\u00edtico, la reflexi\u00f3n fundamentada y el valor de las fuentes en la construcci\u00f3n del conocimiento hist\u00f3rico.<\/p>\n\n\n\n<p> Como comunidad educativa, valoramos profundamente estos espacios que fomentan el pensamiento reflexivo y el di\u00e1logo informado, en coherencia con nuestro compromiso por formar personas \u00edntegras, capaces de comprender la complejidad del mundo contempor\u00e1neo. En esta l\u00ednea, y en sinton\u00eda con el llamado a la excelencia que inspira nuestro proyecto educativo, destacamos la importancia del rigor intelectual como una herramienta fundamental tanto para educadores como para estudiantes.<\/p>\n\n\n\n<p> Agradecemos al profesor Jorge M\u00e1gasich por su disposici\u00f3n para compartir su experiencia y conocimiento con nuestra comunidad educativa, contribuyendo a enriquecer los procesos formativos de nuestros j\u00f3venes.<\/p>\n\n\n\n<figure class=\"wp-block-gallery has-nested-images columns-default is-cropped wp-block-gallery-1 is-layout-flex wp-block-gallery-is-layout-flex\">\n<figure class=\"wp-block-image size-large\"><img fetchpriority=\"high\" decoding=\"async\" width=\"1024\" height=\"768\" data-id=\"29964\" src=\"https:\/\/ssr.cl\/home\/wp-content\/uploads\/2026\/03\/Web-Magasich-1-1024x768.png\" alt=\"\" class=\"wp-image-29964\" srcset=\"https:\/\/ssr.cl\/home\/wp-content\/uploads\/2026\/03\/Web-Magasich-1-1024x768.png 1024w, https:\/\/ssr.cl\/home\/wp-content\/uploads\/2026\/03\/Web-Magasich-1-300x225.png 300w, https:\/\/ssr.cl\/home\/wp-content\/uploads\/2026\/03\/Web-Magasich-1-768x576.png 768w, https:\/\/ssr.cl\/home\/wp-content\/uploads\/2026\/03\/Web-Magasich-1.png 1200w\" sizes=\"(max-width: 1024px) 100vw, 1024px\" \/><\/figure>\n\n\n\n<figure class=\"wp-block-image size-large\"><img decoding=\"async\" width=\"1024\" height=\"768\" data-id=\"29967\" src=\"https:\/\/ssr.cl\/home\/wp-content\/uploads\/2026\/03\/Web-Magasich-3-1024x768.png\" alt=\"\" class=\"wp-image-29967\" srcset=\"https:\/\/ssr.cl\/home\/wp-content\/uploads\/2026\/03\/Web-Magasich-3-1024x768.png 1024w, https:\/\/ssr.cl\/home\/wp-content\/uploads\/2026\/03\/Web-Magasich-3-300x225.png 300w, https:\/\/ssr.cl\/home\/wp-content\/uploads\/2026\/03\/Web-Magasich-3-768x576.png 768w, https:\/\/ssr.cl\/home\/wp-content\/uploads\/2026\/03\/Web-Magasich-3.png 1200w\" sizes=\"(max-width: 1024px) 100vw, 1024px\" \/><\/figure>\n\n\n\n<figure class=\"wp-block-image size-large\"><img decoding=\"async\" width=\"1024\" height=\"768\" data-id=\"29966\" src=\"https:\/\/ssr.cl\/home\/wp-content\/uploads\/2026\/03\/Web-Magasich-4-1024x768.png\" alt=\"\" class=\"wp-image-29966\" srcset=\"https:\/\/ssr.cl\/home\/wp-content\/uploads\/2026\/03\/Web-Magasich-4-1024x768.png 1024w, https:\/\/ssr.cl\/home\/wp-content\/uploads\/2026\/03\/Web-Magasich-4-300x225.png 300w, https:\/\/ssr.cl\/home\/wp-content\/uploads\/2026\/03\/Web-Magasich-4-768x576.png 768w, https:\/\/ssr.cl\/home\/wp-content\/uploads\/2026\/03\/Web-Magasich-4.png 1200w\" sizes=\"(max-width: 1024px) 100vw, 1024px\" \/><\/figure>\n\n\n\n<figure class=\"wp-block-image size-large\"><img loading=\"lazy\" decoding=\"async\" width=\"1024\" height=\"768\" data-id=\"29965\" src=\"https:\/\/ssr.cl\/home\/wp-content\/uploads\/2026\/03\/Web-Magasich-2-1024x768.png\" alt=\"\" class=\"wp-image-29965\" srcset=\"https:\/\/ssr.cl\/home\/wp-content\/uploads\/2026\/03\/Web-Magasich-2-1024x768.png 1024w, https:\/\/ssr.cl\/home\/wp-content\/uploads\/2026\/03\/Web-Magasich-2-300x225.png 300w, https:\/\/ssr.cl\/home\/wp-content\/uploads\/2026\/03\/Web-Magasich-2-768x576.png 768w, https:\/\/ssr.cl\/home\/wp-content\/uploads\/2026\/03\/Web-Magasich-2.png 1200w\" sizes=\"(max-width: 1024px) 100vw, 1024px\" \/><\/figure>\n<\/figure>\n","protected":false},"excerpt":{"rendered":"<p>Con el prop\u00f3sito de fortalecer la formaci\u00f3n integral de nuestros estudiantes, los alumnos de Tercero y Cuarto Medio del electivo Comprensi\u00f3n Hist\u00f3rica del Presente participaron en una charla acad\u00e9mica dictada por el destacado historiador chileno, Doctor en Historia, Arte y Arqueolog\u00eda de la Universidad Libre de Bruselas (ULB), Jorge Magasich. El acad\u00e9mico cuenta con una [&hellip;]<\/p>\n","protected":false},"author":4,"featured_media":29967,"comment_status":"open","ping_status":"open","sticky":false,"template":"","format":"standard","meta":{"footnotes":""},"categories":[75,76],"tags":[],"class_list":["post-29963","post","type-post","status-publish","format-standard","has-post-thumbnail","hentry","category-area-academica","category-colegio"],"_links":{"self":[{"href":"https:\/\/ssr.cl\/home\/wp-json\/wp\/v2\/posts\/29963","targetHints":{"allow":["GET"]}}],"collection":[{"href":"https:\/\/ssr.cl\/home\/wp-json\/wp\/v2\/posts"}],"about":[{"href":"https:\/\/ssr.cl\/home\/wp-json\/wp\/v2\/types\/post"}],"author":[{"embeddable":true,"href":"https:\/\/ssr.cl\/home\/wp-json\/wp\/v2\/users\/4"}],"replies":[{"embeddable":true,"href":"https:\/\/ssr.cl\/home\/wp-json\/wp\/v2\/comments?post=29963"}],"version-history":[{"count":1,"href":"https:\/\/ssr.cl\/home\/wp-json\/wp\/v2\/posts\/29963\/revisions"}],"predecessor-version":[{"id":29968,"href":"https:\/\/ssr.cl\/home\/wp-json\/wp\/v2\/posts\/29963\/revisions\/29968"}],"wp:featuredmedia":[{"embeddable":true,"href":"https:\/\/ssr.cl\/home\/wp-json\/wp\/v2\/media\/29967"}],"wp:attachment":[{"href":"https:\/\/ssr.cl\/home\/wp-json\/wp\/v2\/media?parent=29963"}],"wp:term":[{"taxonomy":"category","embeddable":true,"href":"https:\/\/ssr.cl\/home\/wp-json\/wp\/v2\/categories?post=29963"},{"taxonomy":"post_tag","embeddable":true,"href":"https:\/\/ssr.cl\/home\/wp-json\/wp\/v2\/tags?post=29963"}],"curies":[{"name":"wp","href":"https:\/\/api.w.org\/{rel}","templated":true}]}}