{"id":29985,"date":"2026-03-31T11:39:19","date_gmt":"2026-03-31T14:39:19","guid":{"rendered":"https:\/\/ssr.cl\/home\/?p=29985"},"modified":"2026-03-31T12:09:12","modified_gmt":"2026-03-31T15:09:12","slug":"29985-2","status":"publish","type":"post","link":"https:\/\/ssr.cl\/home\/29985-2\/","title":{"rendered":"Paz y voluntad de di\u00e1logo para vivir al estilo de Jes\u00fas"},"content":{"rendered":"\n<p>Esta semana Santa ha estado marcada por los conflictos b\u00e9licos en el mundo, una contingencia nacional, donde las descalificaciones y palabras duras han sido la t\u00f3nica, y, lamentablemente, un doloroso acontecimiento de convivencia escolar ocurrido en la ciudad de Calama, donde en un colegio cat\u00f3lico un estudiante dio muestre a una inspectora y dej\u00f3 con heridas graves a otra docente y a un compa\u00f1ero. Este escenario ha servido para motivar al interior de nuestra comunidad educativa la celebraci\u00f3n, buscando mirar la realidad con los ojos de Cristo y aprovechar de asociar los s\u00edmbolos de la cruz, los ramos, la luz, entre otros, a aquello que vivimos a diario.<\/p>\n\n\n\n<p>As\u00ed, en la motivaci\u00f3n de ayer lunes en la ma\u00f1ana en ambas sedes se abord\u00f3 el tema de la paz e invit\u00f3 a reflexionar a los j\u00f3venes sobre este concepto, pensar en la responsabilidad individual que tenemos como los primeros promotores de ella y las consecuencias que tiene vivir en una cultura del ego\u00edsmo, el maltrato o la indolencia ante el dolor de quienes sufren.<\/p>\n\n\n\n<p> Compartimos algunas im\u00e1genes de la actividad.<\/p>\n\n\n\n<figure class=\"wp-block-image size-large\"><img fetchpriority=\"high\" decoding=\"async\" width=\"1024\" height=\"768\" src=\"https:\/\/ssr.cl\/home\/wp-content\/uploads\/2026\/03\/Web-Lunes-santo-1024x768.png\" alt=\"\" class=\"wp-image-29989\" srcset=\"https:\/\/ssr.cl\/home\/wp-content\/uploads\/2026\/03\/Web-Lunes-santo-1024x768.png 1024w, https:\/\/ssr.cl\/home\/wp-content\/uploads\/2026\/03\/Web-Lunes-santo-300x225.png 300w, https:\/\/ssr.cl\/home\/wp-content\/uploads\/2026\/03\/Web-Lunes-santo-768x576.png 768w, https:\/\/ssr.cl\/home\/wp-content\/uploads\/2026\/03\/Web-Lunes-santo.png 1200w\" sizes=\"(max-width: 1024px) 100vw, 1024px\" \/><\/figure>\n\n\n\n<p><\/p>\n","protected":false},"excerpt":{"rendered":"<p>Esta semana Santa ha estado marcada por los conflictos b\u00e9licos en el mundo, una contingencia nacional, donde las descalificaciones y palabras duras han sido la t\u00f3nica, y, lamentablemente, un doloroso acontecimiento de convivencia escolar ocurrido en la ciudad de Calama, donde en un colegio cat\u00f3lico un estudiante dio muestre a una inspectora y dej\u00f3 con [&hellip;]<\/p>\n","protected":false},"author":4,"featured_media":29989,"comment_status":"open","ping_status":"open","sticky":false,"template":"","format":"standard","meta":{"footnotes":""},"categories":[52],"tags":[],"class_list":["post-29985","post","type-post","status-publish","format-standard","has-post-thumbnail","hentry","category-pastoral"],"_links":{"self":[{"href":"https:\/\/ssr.cl\/home\/wp-json\/wp\/v2\/posts\/29985","targetHints":{"allow":["GET"]}}],"collection":[{"href":"https:\/\/ssr.cl\/home\/wp-json\/wp\/v2\/posts"}],"about":[{"href":"https:\/\/ssr.cl\/home\/wp-json\/wp\/v2\/types\/post"}],"author":[{"embeddable":true,"href":"https:\/\/ssr.cl\/home\/wp-json\/wp\/v2\/users\/4"}],"replies":[{"embeddable":true,"href":"https:\/\/ssr.cl\/home\/wp-json\/wp\/v2\/comments?post=29985"}],"version-history":[{"count":3,"href":"https:\/\/ssr.cl\/home\/wp-json\/wp\/v2\/posts\/29985\/revisions"}],"predecessor-version":[{"id":29990,"href":"https:\/\/ssr.cl\/home\/wp-json\/wp\/v2\/posts\/29985\/revisions\/29990"}],"wp:featuredmedia":[{"embeddable":true,"href":"https:\/\/ssr.cl\/home\/wp-json\/wp\/v2\/media\/29989"}],"wp:attachment":[{"href":"https:\/\/ssr.cl\/home\/wp-json\/wp\/v2\/media?parent=29985"}],"wp:term":[{"taxonomy":"category","embeddable":true,"href":"https:\/\/ssr.cl\/home\/wp-json\/wp\/v2\/categories?post=29985"},{"taxonomy":"post_tag","embeddable":true,"href":"https:\/\/ssr.cl\/home\/wp-json\/wp\/v2\/tags?post=29985"}],"curies":[{"name":"wp","href":"https:\/\/api.w.org\/{rel}","templated":true}]}}