{"id":29991,"date":"2026-03-31T12:33:30","date_gmt":"2026-03-31T15:33:30","guid":{"rendered":"https:\/\/ssr.cl\/home\/?p=29991"},"modified":"2026-03-31T12:33:31","modified_gmt":"2026-03-31T15:33:31","slug":"invitacion-a-via-crucis-familiar","status":"publish","type":"post","link":"https:\/\/ssr.cl\/home\/invitacion-a-via-crucis-familiar\/","title":{"rendered":"Invitaci\u00f3n a V\u00eda Crucis familiar"},"content":{"rendered":"\n<p>Hoy viernes 31 de marzo invitamos a toda nuestra comunidad al tradicional v\u00eda cruces familiar que se realizar\u00e1 en cada sede a las 19:00 hrs. en los edificios de ciclo medio.<\/p>\n\n\n\n<p>Invitamos a acompa\u00f1ar a Jes\u00fas a toda nuestras familias y poner en su pesada cruz todos aquellas preocupaciones, dolores, inquietudes que nos restan paz interior o nos impiden vivir al estilo que \u00c9l nos ense\u00f1a.<\/p>\n\n\n\n<figure class=\"wp-block-image size-large\"><img fetchpriority=\"high\" decoding=\"async\" width=\"1024\" height=\"768\" src=\"https:\/\/ssr.cl\/home\/wp-content\/uploads\/2026\/03\/Web-Via-Crucis-apoderados-1200-x-900-px1-1024x768.png\" alt=\"\" class=\"wp-image-29992\" srcset=\"https:\/\/ssr.cl\/home\/wp-content\/uploads\/2026\/03\/Web-Via-Crucis-apoderados-1200-x-900-px1-1024x768.png 1024w, https:\/\/ssr.cl\/home\/wp-content\/uploads\/2026\/03\/Web-Via-Crucis-apoderados-1200-x-900-px1-300x225.png 300w, https:\/\/ssr.cl\/home\/wp-content\/uploads\/2026\/03\/Web-Via-Crucis-apoderados-1200-x-900-px1-768x576.png 768w, https:\/\/ssr.cl\/home\/wp-content\/uploads\/2026\/03\/Web-Via-Crucis-apoderados-1200-x-900-px1.png 1200w\" sizes=\"(max-width: 1024px) 100vw, 1024px\" \/><\/figure>\n","protected":false},"excerpt":{"rendered":"<p>Hoy viernes 31 de marzo invitamos a toda nuestra comunidad al tradicional v\u00eda cruces familiar que se realizar\u00e1 en cada sede a las 19:00 hrs. en los edificios de ciclo medio. Invitamos a acompa\u00f1ar a Jes\u00fas a toda nuestras familias y poner en su pesada cruz todos aquellas preocupaciones, dolores, inquietudes que nos restan paz [&hellip;]<\/p>\n","protected":false},"author":4,"featured_media":29992,"comment_status":"open","ping_status":"open","sticky":false,"template":"","format":"standard","meta":{"footnotes":""},"categories":[52,53,54],"tags":[],"class_list":["post-29991","post","type-post","status-publish","format-standard","has-post-thumbnail","hentry","category-pastoral","category-celebracion","category-semana-santa"],"_links":{"self":[{"href":"https:\/\/ssr.cl\/home\/wp-json\/wp\/v2\/posts\/29991","targetHints":{"allow":["GET"]}}],"collection":[{"href":"https:\/\/ssr.cl\/home\/wp-json\/wp\/v2\/posts"}],"about":[{"href":"https:\/\/ssr.cl\/home\/wp-json\/wp\/v2\/types\/post"}],"author":[{"embeddable":true,"href":"https:\/\/ssr.cl\/home\/wp-json\/wp\/v2\/users\/4"}],"replies":[{"embeddable":true,"href":"https:\/\/ssr.cl\/home\/wp-json\/wp\/v2\/comments?post=29991"}],"version-history":[{"count":1,"href":"https:\/\/ssr.cl\/home\/wp-json\/wp\/v2\/posts\/29991\/revisions"}],"predecessor-version":[{"id":29993,"href":"https:\/\/ssr.cl\/home\/wp-json\/wp\/v2\/posts\/29991\/revisions\/29993"}],"wp:featuredmedia":[{"embeddable":true,"href":"https:\/\/ssr.cl\/home\/wp-json\/wp\/v2\/media\/29992"}],"wp:attachment":[{"href":"https:\/\/ssr.cl\/home\/wp-json\/wp\/v2\/media?parent=29991"}],"wp:term":[{"taxonomy":"category","embeddable":true,"href":"https:\/\/ssr.cl\/home\/wp-json\/wp\/v2\/categories?post=29991"},{"taxonomy":"post_tag","embeddable":true,"href":"https:\/\/ssr.cl\/home\/wp-json\/wp\/v2\/tags?post=29991"}],"curies":[{"name":"wp","href":"https:\/\/api.w.org\/{rel}","templated":true}]}}