{"id":30033,"date":"2026-04-08T14:22:25","date_gmt":"2026-04-08T18:22:25","guid":{"rendered":"https:\/\/ssr.cl\/home\/?p=30033"},"modified":"2026-04-23T17:09:10","modified_gmt":"2026-04-23T21:09:10","slug":"sede-de-vina-conmemora-el-dia-mundial-del-agua-con-diversas-actividades","status":"publish","type":"post","link":"https:\/\/ssr.cl\/home\/sede-de-vina-conmemora-el-dia-mundial-del-agua-con-diversas-actividades\/","title":{"rendered":"Sede de Vi\u00f1a conmemora el D\u00eda Mundial del Agua con diversas actividades"},"content":{"rendered":"\n<p>En el marco de la conmemoraci\u00f3n del D\u00eda Mundial del Agua, celebrado el pasado 22 de marzo bajo el lema <strong>\u201cAgua y g\u00e9nero\u201d<\/strong>, la comunidad educativa del Colegio Seminario San Rafael desarroll\u00f3 una jornada de reflexi\u00f3n y aprendizaje el lunes 23 de marzo, involucrando a estudiantes de todos los niveles en torno a una tem\u00e1tica de profundo sentido social y ambiental.<\/p>\n\n\n\n<p>La iniciativa, impulsada a partir de los lineamientos propuestos por la UNESCO, invit\u00f3 a visibilizar la estrecha relaci\u00f3n entre el acceso al agua y la igualdad de g\u00e9nero, destacando que el agua potable y el saneamiento constituyen derechos humanos fundamentales. En este contexto, se promovi\u00f3 una mirada cr\u00edtica sobre c\u00f3mo la escasez y el acceso desigual al agua afectan de manera desproporcionada a mujeres y ni\u00f1as en distintas partes del mundo, limitando sus oportunidades de desarrollo, educaci\u00f3n y bienestar.<\/p>\n\n\n\n<p>Durante la jornada, los estudiantes participaron en actividades especialmente dise\u00f1adas para cada nivel, favoreciendo espacios de di\u00e1logo guiados por sus profesores jefes, a partir de recursos audiovisuales y preguntas orientadoras que promovieron la reflexi\u00f3n significativa.<\/p>\n\n\n\n<p>En el <strong>Ciclo Inicial<\/strong>, los ni\u00f1os y ni\u00f1as abordaron la problem\u00e1tica de la contaminaci\u00f3n de los ecosistemas de r\u00edos, desarrollando conciencia sobre el cuidado del entorno cercano mediante actividades l\u00fadicas y exploratorias.<\/p>\n\n\n\n<p>Por su parte, los estudiantes de <strong>1\u00b0 a 4\u00b0 b\u00e1sico<\/strong> trabajaron en torno a la contaminaci\u00f3n de los ecosistemas marinos, culminando la experiencia con la creaci\u00f3n de un mural colectivo de concientizaci\u00f3n que transmiti\u00f3 un mensaje claro y potente: <em>\u201cEl mar no se ensucia solo, somos las personas quienes lo contaminamos. Pero tambi\u00e9n somos nosotros quienes podemos cuidarlo. Cada acci\u00f3n cuenta.\u201d<\/em><\/p>\n\n\n\n<p>En los niveles de <strong>5\u00b0 b\u00e1sico a 4\u00b0 medio<\/strong>, la reflexi\u00f3n se centr\u00f3 en el visionado de cap\u00edtulos de la serie <em>\u201cMujeres Aguas Arriba: Relatos inspiradores en el sector de Agua, Saneamiento y Residuos S\u00f3lidos\u201d<\/em>, que recoge testimonios reales de mujeres latinoamericanas que lideran iniciativas vinculadas al acceso al agua, saneamiento y gesti\u00f3n de residuos. A trav\u00e9s de estas historias, los estudiantes pudieron reconocer el rol fundamental de la mujer en el desarrollo sostenible y la necesidad de avanzar hacia una gesti\u00f3n del agua m\u00e1s inclusiva, equitativa y consciente.<\/p>\n\n\n\n<figure class=\"wp-block-gallery has-nested-images columns-default is-cropped wp-block-gallery-1 is-layout-flex wp-block-gallery-is-layout-flex\">\n<figure class=\"wp-block-image size-large\"><img fetchpriority=\"high\" decoding=\"async\" width=\"1024\" height=\"768\" data-id=\"30034\" src=\"https:\/\/ssr.cl\/home\/wp-content\/uploads\/2026\/04\/2-2-1024x768.png\" alt=\"\" class=\"wp-image-30034\" srcset=\"https:\/\/ssr.cl\/home\/wp-content\/uploads\/2026\/04\/2-2-1024x768.png 1024w, https:\/\/ssr.cl\/home\/wp-content\/uploads\/2026\/04\/2-2-300x225.png 300w, https:\/\/ssr.cl\/home\/wp-content\/uploads\/2026\/04\/2-2-768x576.png 768w, https:\/\/ssr.cl\/home\/wp-content\/uploads\/2026\/04\/2-2.png 1200w\" sizes=\"(max-width: 1024px) 100vw, 1024px\" \/><\/figure>\n\n\n\n<figure class=\"wp-block-image size-large\"><img decoding=\"async\" width=\"1024\" height=\"768\" data-id=\"30035\" src=\"https:\/\/ssr.cl\/home\/wp-content\/uploads\/2026\/04\/1-2-1024x768.png\" alt=\"\" class=\"wp-image-30035\" srcset=\"https:\/\/ssr.cl\/home\/wp-content\/uploads\/2026\/04\/1-2-1024x768.png 1024w, https:\/\/ssr.cl\/home\/wp-content\/uploads\/2026\/04\/1-2-300x225.png 300w, https:\/\/ssr.cl\/home\/wp-content\/uploads\/2026\/04\/1-2-768x576.png 768w, https:\/\/ssr.cl\/home\/wp-content\/uploads\/2026\/04\/1-2.png 1200w\" sizes=\"(max-width: 1024px) 100vw, 1024px\" \/><\/figure>\n<\/figure>\n","protected":false},"excerpt":{"rendered":"<p>En el marco de la conmemoraci\u00f3n del D\u00eda Mundial del Agua, celebrado el pasado 22 de marzo bajo el lema \u201cAgua y g\u00e9nero\u201d, la comunidad educativa del Colegio Seminario San Rafael desarroll\u00f3 una jornada de reflexi\u00f3n y aprendizaje el lunes 23 de marzo, involucrando a estudiantes de todos los niveles en torno a una tem\u00e1tica [&hellip;]<\/p>\n","protected":false},"author":4,"featured_media":30035,"comment_status":"open","ping_status":"open","sticky":false,"template":"","format":"standard","meta":{"footnotes":""},"categories":[73],"tags":[],"class_list":["post-30033","post","type-post","status-publish","format-standard","has-post-thumbnail","hentry","category-educacion-ambiental"],"_links":{"self":[{"href":"https:\/\/ssr.cl\/home\/wp-json\/wp\/v2\/posts\/30033","targetHints":{"allow":["GET"]}}],"collection":[{"href":"https:\/\/ssr.cl\/home\/wp-json\/wp\/v2\/posts"}],"about":[{"href":"https:\/\/ssr.cl\/home\/wp-json\/wp\/v2\/types\/post"}],"author":[{"embeddable":true,"href":"https:\/\/ssr.cl\/home\/wp-json\/wp\/v2\/users\/4"}],"replies":[{"embeddable":true,"href":"https:\/\/ssr.cl\/home\/wp-json\/wp\/v2\/comments?post=30033"}],"version-history":[{"count":2,"href":"https:\/\/ssr.cl\/home\/wp-json\/wp\/v2\/posts\/30033\/revisions"}],"predecessor-version":[{"id":30155,"href":"https:\/\/ssr.cl\/home\/wp-json\/wp\/v2\/posts\/30033\/revisions\/30155"}],"wp:featuredmedia":[{"embeddable":true,"href":"https:\/\/ssr.cl\/home\/wp-json\/wp\/v2\/media\/30035"}],"wp:attachment":[{"href":"https:\/\/ssr.cl\/home\/wp-json\/wp\/v2\/media?parent=30033"}],"wp:term":[{"taxonomy":"category","embeddable":true,"href":"https:\/\/ssr.cl\/home\/wp-json\/wp\/v2\/categories?post=30033"},{"taxonomy":"post_tag","embeddable":true,"href":"https:\/\/ssr.cl\/home\/wp-json\/wp\/v2\/tags?post=30033"}],"curies":[{"name":"wp","href":"https:\/\/api.w.org\/{rel}","templated":true}]}}