{"id":30172,"date":"2026-04-27T12:26:09","date_gmt":"2026-04-27T16:26:09","guid":{"rendered":"https:\/\/ssr.cl\/home\/?p=30172"},"modified":"2026-04-27T12:36:24","modified_gmt":"2026-04-27T16:36:24","slug":"alumnos-reciben-reconocimiento-a-la-excelencia-lectora-en-valparaiso","status":"publish","type":"post","link":"https:\/\/ssr.cl\/home\/alumnos-reciben-reconocimiento-a-la-excelencia-lectora-en-valparaiso\/","title":{"rendered":"Alumnos reciben reconocimiento a la Excelencia Lectora en Valpara\u00edso"},"content":{"rendered":"\n<p>En el marco de la conmemoraci\u00f3n del D\u00eda del Libro, el Ciclo Medio de la sede Valpara\u00edso vivi\u00f3 una significativa instancia de reconocimiento al compromiso lector de sus estudiantes. El Departamento de Lenguaje y Filosof\u00eda, en conjunto con el CRA (Centro de Recursos para el Aprendizaje), distingui\u00f3 a un grupo de j\u00f3venes que han demostrado ir m\u00e1s all\u00e1 de las exigencias del plan lector, desarrollando una relaci\u00f3n aut\u00f3noma, constante y reflexiva con la lectura.<\/p>\n\n\n\n<p>La iniciativa tuvo como prop\u00f3sito relevar el valor de la lectura como una herramienta fundamental para el desarrollo integral, destacando a aquellos estudiantes que, por motivaci\u00f3n propia, han explorado diversas obras, ampliando sus intereses no solo hacia la literatura, sino tambi\u00e9n hacia la filosof\u00eda y otras \u00e1reas del conocimiento.<\/p>\n\n\n\n<p>A trav\u00e9s del Reconocimiento a la Excelencia Lectora, se busc\u00f3 visibilizar trayectorias lectoras marcadas por la curiosidad intelectual, la profundidad en la comprensi\u00f3n y la capacidad de vincular los textos con su propia experiencia y con el mundo que los rodea.<\/p>\n\n\n\n<p>La Jefa del Departamento de Lenguaje y Filosof\u00eda, B\u00e1rbara Mu\u00f1oz, se\u00f1al\u00f3 que este tipo de instancias no s\u00f3lo permiten valorar el esfuerzo individual, sino que tambi\u00e9n inspiran a la comunidad educativa a fortalecer una cultura lectora, en la que los libros se conviertan en espacios de encuentro, reflexi\u00f3n y crecimiento personal. Por su parte, Gloria Vincenti, encargada del CRA, valor\u00f3 que los j\u00f3venes tengan este inter\u00e9s, ya que la literatura les permite abrirse a un mundo m\u00e1s amplio, y dado el proceso realizado, enfrentar desaf\u00edos y nuevas experiencias con herramientas distintas de aquellos j\u00f3venes que no leen.<\/p>\n\n\n\n<p>Con este premio, reafirmamos nuestro compromiso con la formaci\u00f3n de estudiantes cr\u00edticos, sensibles y abiertos al conocimiento, promoviendo la lectura como un camino que trasciende el aula y se proyecta a lo largo de la vida.<\/p>\n\n\n\n<p>Los estudiantes destacados fueron:&nbsp;<\/p>\n\n\n\n<p>7B: Josefina Veas Cid y Sof\u00eda Venegas Sanhueza<\/p>\n\n\n\n<p>I B: Noah Pe\u00f1a Jorquera.  <\/p>\n\n\n\n<p>II A: Camila Espinoza Valenzuela<\/p>\n\n\n\n<p>II B: Sof\u00eda Navarro Parraguez<\/p>\n\n\n\n<p>III B: Sebasti\u00e1n Far\u00edas Flores<\/p>\n\n\n\n<p>IV B: Benjam\u00edn Villalobos Gandolfo<\/p>\n\n\n\n<figure class=\"wp-block-gallery has-nested-images columns-default is-cropped wp-block-gallery-1 is-layout-flex wp-block-gallery-is-layout-flex\">\n<figure class=\"wp-block-image size-large\"><img fetchpriority=\"high\" decoding=\"async\" width=\"1024\" height=\"768\" data-id=\"30178\" src=\"https:\/\/ssr.cl\/home\/wp-content\/uploads\/2026\/04\/2-9-1024x768.png\" alt=\"\" class=\"wp-image-30178\" srcset=\"https:\/\/ssr.cl\/home\/wp-content\/uploads\/2026\/04\/2-9-1024x768.png 1024w, https:\/\/ssr.cl\/home\/wp-content\/uploads\/2026\/04\/2-9-300x225.png 300w, https:\/\/ssr.cl\/home\/wp-content\/uploads\/2026\/04\/2-9-768x576.png 768w, https:\/\/ssr.cl\/home\/wp-content\/uploads\/2026\/04\/2-9.png 1200w\" sizes=\"(max-width: 1024px) 100vw, 1024px\" \/><\/figure>\n\n\n\n<figure class=\"wp-block-image size-large\"><img decoding=\"async\" width=\"1024\" height=\"768\" data-id=\"30177\" src=\"https:\/\/ssr.cl\/home\/wp-content\/uploads\/2026\/04\/1-7-1024x768.png\" alt=\"\" class=\"wp-image-30177\" srcset=\"https:\/\/ssr.cl\/home\/wp-content\/uploads\/2026\/04\/1-7-1024x768.png 1024w, https:\/\/ssr.cl\/home\/wp-content\/uploads\/2026\/04\/1-7-300x225.png 300w, https:\/\/ssr.cl\/home\/wp-content\/uploads\/2026\/04\/1-7-768x576.png 768w, https:\/\/ssr.cl\/home\/wp-content\/uploads\/2026\/04\/1-7.png 1200w\" sizes=\"(max-width: 1024px) 100vw, 1024px\" \/><\/figure>\n<\/figure>\n","protected":false},"excerpt":{"rendered":"<p>En el marco de la conmemoraci\u00f3n del D\u00eda del Libro, el Ciclo Medio de la sede Valpara\u00edso vivi\u00f3 una significativa instancia de reconocimiento al compromiso lector de sus estudiantes. El Departamento de Lenguaje y Filosof\u00eda, en conjunto con el CRA (Centro de Recursos para el Aprendizaje), distingui\u00f3 a un grupo de j\u00f3venes que han demostrado [&hellip;]<\/p>\n","protected":false},"author":4,"featured_media":30174,"comment_status":"open","ping_status":"open","sticky":false,"template":"","format":"standard","meta":{"footnotes":""},"categories":[75],"tags":[],"class_list":["post-30172","post","type-post","status-publish","format-standard","has-post-thumbnail","hentry","category-area-academica"],"_links":{"self":[{"href":"https:\/\/ssr.cl\/home\/wp-json\/wp\/v2\/posts\/30172","targetHints":{"allow":["GET"]}}],"collection":[{"href":"https:\/\/ssr.cl\/home\/wp-json\/wp\/v2\/posts"}],"about":[{"href":"https:\/\/ssr.cl\/home\/wp-json\/wp\/v2\/types\/post"}],"author":[{"embeddable":true,"href":"https:\/\/ssr.cl\/home\/wp-json\/wp\/v2\/users\/4"}],"replies":[{"embeddable":true,"href":"https:\/\/ssr.cl\/home\/wp-json\/wp\/v2\/comments?post=30172"}],"version-history":[{"count":2,"href":"https:\/\/ssr.cl\/home\/wp-json\/wp\/v2\/posts\/30172\/revisions"}],"predecessor-version":[{"id":30181,"href":"https:\/\/ssr.cl\/home\/wp-json\/wp\/v2\/posts\/30172\/revisions\/30181"}],"wp:featuredmedia":[{"embeddable":true,"href":"https:\/\/ssr.cl\/home\/wp-json\/wp\/v2\/media\/30174"}],"wp:attachment":[{"href":"https:\/\/ssr.cl\/home\/wp-json\/wp\/v2\/media?parent=30172"}],"wp:term":[{"taxonomy":"category","embeddable":true,"href":"https:\/\/ssr.cl\/home\/wp-json\/wp\/v2\/categories?post=30172"},{"taxonomy":"post_tag","embeddable":true,"href":"https:\/\/ssr.cl\/home\/wp-json\/wp\/v2\/tags?post=30172"}],"curies":[{"name":"wp","href":"https:\/\/api.w.org\/{rel}","templated":true}]}}