{"id":30186,"date":"2026-04-27T18:18:24","date_gmt":"2026-04-27T22:18:24","guid":{"rendered":"https:\/\/ssr.cl\/home\/?p=30186"},"modified":"2026-04-27T18:18:25","modified_gmt":"2026-04-27T22:18:25","slug":"garcia-lorca-estuvo-presente-en-dia-del-libro-2026","status":"publish","type":"post","link":"https:\/\/ssr.cl\/home\/garcia-lorca-estuvo-presente-en-dia-del-libro-2026\/","title":{"rendered":"Garc\u00eda Lorca estuvo presente en D\u00eda del Libro 2026"},"content":{"rendered":"\n<p><strong> <\/strong>En el marco de la conmemoraci\u00f3n del D\u00eda del Libro, nuestro programa de actividades incorpor\u00f3 el teatro y la m\u00fasica como una forma de acercar a los estudiantes a la literatura desde nuevas experiencias.<\/p>\n\n\n\n<p>En el anfiteatro de la sede Valpara\u00edso, los estudiantes presenciaron la obra <em>\u201cGarc\u00eda Lorca en un espejo roto\u201d<\/em>, presentada por la compa\u00f1\u00eda de teatro Compa\u00f1\u00eda de Teatro Ateva. En un ambiente de profundo respeto y atenci\u00f3n, los j\u00f3venes siguieron cada escena, valorando la propuesta art\u00edstica y la intensidad de su puesta en escena.<\/p>\n\n\n\n<p>Agradecemos sinceramente a la compa\u00f1\u00eda por su visita y por acercar a nuestros estudiantes a la obra de Federico Garc\u00eda Lorca, una de las voces m\u00e1s universales de la literatura en lengua espa\u00f1ola.<\/p>\n\n\n\n<p>Porque los libros no solo se leen: tambi\u00e9n se interpretan, se sienten y cobran vida sobre el escenario. <br><\/p>\n\n\n\n<figure class=\"wp-block-gallery has-nested-images columns-default is-cropped wp-block-gallery-1 is-layout-flex wp-block-gallery-is-layout-flex\">\n<figure class=\"wp-block-image size-large\"><img fetchpriority=\"high\" decoding=\"async\" width=\"1024\" height=\"768\" data-id=\"30188\" src=\"https:\/\/ssr.cl\/home\/wp-content\/uploads\/2026\/04\/Web-Garcia-Lorca-3-1024x768.png\" alt=\"\" class=\"wp-image-30188\" srcset=\"https:\/\/ssr.cl\/home\/wp-content\/uploads\/2026\/04\/Web-Garcia-Lorca-3-1024x768.png 1024w, https:\/\/ssr.cl\/home\/wp-content\/uploads\/2026\/04\/Web-Garcia-Lorca-3-300x225.png 300w, https:\/\/ssr.cl\/home\/wp-content\/uploads\/2026\/04\/Web-Garcia-Lorca-3-768x576.png 768w, https:\/\/ssr.cl\/home\/wp-content\/uploads\/2026\/04\/Web-Garcia-Lorca-3.png 1200w\" sizes=\"(max-width: 1024px) 100vw, 1024px\" \/><\/figure>\n\n\n\n<figure class=\"wp-block-image size-large\"><img decoding=\"async\" width=\"1024\" height=\"768\" data-id=\"30187\" src=\"https:\/\/ssr.cl\/home\/wp-content\/uploads\/2026\/04\/Web-Garcia-Lorca-2-1024x768.png\" alt=\"\" class=\"wp-image-30187\" srcset=\"https:\/\/ssr.cl\/home\/wp-content\/uploads\/2026\/04\/Web-Garcia-Lorca-2-1024x768.png 1024w, https:\/\/ssr.cl\/home\/wp-content\/uploads\/2026\/04\/Web-Garcia-Lorca-2-300x225.png 300w, https:\/\/ssr.cl\/home\/wp-content\/uploads\/2026\/04\/Web-Garcia-Lorca-2-768x576.png 768w, https:\/\/ssr.cl\/home\/wp-content\/uploads\/2026\/04\/Web-Garcia-Lorca-2.png 1200w\" sizes=\"(max-width: 1024px) 100vw, 1024px\" \/><\/figure>\n\n\n\n<figure class=\"wp-block-image size-large\"><img decoding=\"async\" width=\"1024\" height=\"768\" data-id=\"30189\" src=\"https:\/\/ssr.cl\/home\/wp-content\/uploads\/2026\/04\/Web-Garcia-Lorca-1-1024x768.png\" alt=\"\" class=\"wp-image-30189\" srcset=\"https:\/\/ssr.cl\/home\/wp-content\/uploads\/2026\/04\/Web-Garcia-Lorca-1-1024x768.png 1024w, https:\/\/ssr.cl\/home\/wp-content\/uploads\/2026\/04\/Web-Garcia-Lorca-1-300x225.png 300w, https:\/\/ssr.cl\/home\/wp-content\/uploads\/2026\/04\/Web-Garcia-Lorca-1-768x576.png 768w, https:\/\/ssr.cl\/home\/wp-content\/uploads\/2026\/04\/Web-Garcia-Lorca-1.png 1200w\" sizes=\"(max-width: 1024px) 100vw, 1024px\" \/><\/figure>\n<\/figure>\n","protected":false},"excerpt":{"rendered":"<p>En el marco de la conmemoraci\u00f3n del D\u00eda del Libro, nuestro programa de actividades incorpor\u00f3 el teatro y la m\u00fasica como una forma de acercar a los estudiantes a la literatura desde nuevas experiencias. En el anfiteatro de la sede Valpara\u00edso, los estudiantes presenciaron la obra \u201cGarc\u00eda Lorca en un espejo roto\u201d, presentada por la [&hellip;]<\/p>\n","protected":false},"author":4,"featured_media":30187,"comment_status":"open","ping_status":"open","sticky":false,"template":"","format":"standard","meta":{"footnotes":""},"categories":[75],"tags":[],"class_list":["post-30186","post","type-post","status-publish","format-standard","has-post-thumbnail","hentry","category-area-academica"],"_links":{"self":[{"href":"https:\/\/ssr.cl\/home\/wp-json\/wp\/v2\/posts\/30186","targetHints":{"allow":["GET"]}}],"collection":[{"href":"https:\/\/ssr.cl\/home\/wp-json\/wp\/v2\/posts"}],"about":[{"href":"https:\/\/ssr.cl\/home\/wp-json\/wp\/v2\/types\/post"}],"author":[{"embeddable":true,"href":"https:\/\/ssr.cl\/home\/wp-json\/wp\/v2\/users\/4"}],"replies":[{"embeddable":true,"href":"https:\/\/ssr.cl\/home\/wp-json\/wp\/v2\/comments?post=30186"}],"version-history":[{"count":1,"href":"https:\/\/ssr.cl\/home\/wp-json\/wp\/v2\/posts\/30186\/revisions"}],"predecessor-version":[{"id":30190,"href":"https:\/\/ssr.cl\/home\/wp-json\/wp\/v2\/posts\/30186\/revisions\/30190"}],"wp:featuredmedia":[{"embeddable":true,"href":"https:\/\/ssr.cl\/home\/wp-json\/wp\/v2\/media\/30187"}],"wp:attachment":[{"href":"https:\/\/ssr.cl\/home\/wp-json\/wp\/v2\/media?parent=30186"}],"wp:term":[{"taxonomy":"category","embeddable":true,"href":"https:\/\/ssr.cl\/home\/wp-json\/wp\/v2\/categories?post=30186"},{"taxonomy":"post_tag","embeddable":true,"href":"https:\/\/ssr.cl\/home\/wp-json\/wp\/v2\/tags?post=30186"}],"curies":[{"name":"wp","href":"https:\/\/api.w.org\/{rel}","templated":true}]}}