{"id":30198,"date":"2026-04-28T18:25:44","date_gmt":"2026-04-28T22:25:44","guid":{"rendered":"https:\/\/ssr.cl\/home\/?p=30198"},"modified":"2026-04-28T18:25:45","modified_gmt":"2026-04-28T22:25:45","slug":"creatividad-y-arte-se-hicieron-presentes-en-el-dia-del-libro","status":"publish","type":"post","link":"https:\/\/ssr.cl\/home\/creatividad-y-arte-se-hicieron-presentes-en-el-dia-del-libro\/","title":{"rendered":"Creatividad y arte se hicieron presentes en el D\u00eda del Libro"},"content":{"rendered":"\n<p>En el marco de la celebraci\u00f3n del D\u00eda del Libro, la sede de Vi\u00f1a desarroll\u00f3 una enriquecedora jornada que integr\u00f3 diversas expresiones art\u00edsticas y literarias, convocando a estudiantes de distintos niveles en torno al valor de la lectura como fuente de aprendizaje, creatividad y encuentro.<\/p>\n\n\n\n<p>Una de las presentaciones m\u00e1s destacadas estuvo a cargo de los estudiantes de ambos octavos b\u00e1sicos, quienes llevaron a escena la representaci\u00f3n del viaje del h\u00e9roe en <em>La Odisea<\/em>, cl\u00e1sico de la literatura universal. A trav\u00e9s de una puesta en escena \u00e1gil los j\u00f3venes dieron vida a los episodios m\u00e1s significativos de esta obra.<\/p>\n\n\n\n<p>Por su parte, los estudiantes de terceros medios presentaron innovadores artefactos literarios inspirados en cuentos contempor\u00e1neos.<\/p>\n\n\n\n<p>En la misma l\u00ednea, el electivo Taller de Literatura sorprendi\u00f3 con una propuesta que combin\u00f3 letras y sentidos: la presentaci\u00f3n de men\u00fas literarios junto a una muestra gastron\u00f3mica, invitando a los asistentes a experimentar la literatura desde una perspectiva sensorial y creativa.<\/p>\n\n\n\n<p>Los primeros medios, en tanto, realizaron una interesante exhibici\u00f3n de c\u00e1maras de cine que recreaban acontecimientos de la novela <em>La contadora de pel\u00edculas<\/em>, integrando elementos visuales y narrativos en una propuesta que destac\u00f3 por su originalidad.<\/p>\n\n\n\n<p>A su vez, los estudiantes de quinto a s\u00e9ptimo b\u00e1sico participaron con una muestra que incluy\u00f3 dibujos, cr\u00edticas literarias y diversas producciones.<\/p>\n\n\n\n<p>La jornada tambi\u00e9n contempl\u00f3 un colorido desfile literario, instancia en la que personajes de distintos libros cobraron vida a trav\u00e9s de la caracterizaci\u00f3n de los estudiantes, generando un ambiente festivo y participativo en toda la comunidad escolar.<\/p>\n\n\n\n<p>Como parte de las actividades complementarias, el mi\u00e9rcoles 22 de abril el electivo Taller de Literatura asisti\u00f3 al Teatro Municipal de Vi\u00f1a del Mar para presenciar una adaptaci\u00f3n contempor\u00e1nea de <em>Romeo y Julieta<\/em>, presentada por el Teatro Nacional Chileno. Esta experiencia permiti\u00f3 a los estudiantes profundizar su v\u00ednculo con la literatura desde la puesta en escena, ampliando su comprensi\u00f3n de los textos cl\u00e1sicos en contextos actuales.<\/p>\n\n\n\n<figure class=\"wp-block-image size-large\"><img fetchpriority=\"high\" decoding=\"async\" width=\"1024\" height=\"768\" src=\"https:\/\/ssr.cl\/home\/wp-content\/uploads\/2026\/04\/Web-libro-vina-media-1-1024x768.png\" alt=\"\" class=\"wp-image-30199\" srcset=\"https:\/\/ssr.cl\/home\/wp-content\/uploads\/2026\/04\/Web-libro-vina-media-1-1024x768.png 1024w, https:\/\/ssr.cl\/home\/wp-content\/uploads\/2026\/04\/Web-libro-vina-media-1-300x225.png 300w, https:\/\/ssr.cl\/home\/wp-content\/uploads\/2026\/04\/Web-libro-vina-media-1-768x576.png 768w, https:\/\/ssr.cl\/home\/wp-content\/uploads\/2026\/04\/Web-libro-vina-media-1.png 1200w\" sizes=\"(max-width: 1024px) 100vw, 1024px\" \/><\/figure>\n\n\n\n<figure class=\"wp-block-image size-large\"><img decoding=\"async\" width=\"1024\" height=\"768\" src=\"https:\/\/ssr.cl\/home\/wp-content\/uploads\/2026\/04\/Web-libro-vina-media-2-1024x768.png\" alt=\"\" class=\"wp-image-30200\" srcset=\"https:\/\/ssr.cl\/home\/wp-content\/uploads\/2026\/04\/Web-libro-vina-media-2-1024x768.png 1024w, https:\/\/ssr.cl\/home\/wp-content\/uploads\/2026\/04\/Web-libro-vina-media-2-300x225.png 300w, https:\/\/ssr.cl\/home\/wp-content\/uploads\/2026\/04\/Web-libro-vina-media-2-768x576.png 768w, https:\/\/ssr.cl\/home\/wp-content\/uploads\/2026\/04\/Web-libro-vina-media-2.png 1200w\" sizes=\"(max-width: 1024px) 100vw, 1024px\" \/><\/figure>\n","protected":false},"excerpt":{"rendered":"<p>En el marco de la celebraci\u00f3n del D\u00eda del Libro, la sede de Vi\u00f1a desarroll\u00f3 una enriquecedora jornada que integr\u00f3 diversas expresiones art\u00edsticas y literarias, convocando a estudiantes de distintos niveles en torno al valor de la lectura como fuente de aprendizaje, creatividad y encuentro. Una de las presentaciones m\u00e1s destacadas estuvo a cargo de [&hellip;]<\/p>\n","protected":false},"author":4,"featured_media":30199,"comment_status":"open","ping_status":"open","sticky":false,"template":"","format":"standard","meta":{"footnotes":""},"categories":[75],"tags":[],"class_list":["post-30198","post","type-post","status-publish","format-standard","has-post-thumbnail","hentry","category-area-academica"],"_links":{"self":[{"href":"https:\/\/ssr.cl\/home\/wp-json\/wp\/v2\/posts\/30198","targetHints":{"allow":["GET"]}}],"collection":[{"href":"https:\/\/ssr.cl\/home\/wp-json\/wp\/v2\/posts"}],"about":[{"href":"https:\/\/ssr.cl\/home\/wp-json\/wp\/v2\/types\/post"}],"author":[{"embeddable":true,"href":"https:\/\/ssr.cl\/home\/wp-json\/wp\/v2\/users\/4"}],"replies":[{"embeddable":true,"href":"https:\/\/ssr.cl\/home\/wp-json\/wp\/v2\/comments?post=30198"}],"version-history":[{"count":1,"href":"https:\/\/ssr.cl\/home\/wp-json\/wp\/v2\/posts\/30198\/revisions"}],"predecessor-version":[{"id":30201,"href":"https:\/\/ssr.cl\/home\/wp-json\/wp\/v2\/posts\/30198\/revisions\/30201"}],"wp:featuredmedia":[{"embeddable":true,"href":"https:\/\/ssr.cl\/home\/wp-json\/wp\/v2\/media\/30199"}],"wp:attachment":[{"href":"https:\/\/ssr.cl\/home\/wp-json\/wp\/v2\/media?parent=30198"}],"wp:term":[{"taxonomy":"category","embeddable":true,"href":"https:\/\/ssr.cl\/home\/wp-json\/wp\/v2\/categories?post=30198"},{"taxonomy":"post_tag","embeddable":true,"href":"https:\/\/ssr.cl\/home\/wp-json\/wp\/v2\/tags?post=30198"}],"curies":[{"name":"wp","href":"https:\/\/api.w.org\/{rel}","templated":true}]}}