{"id":30751,"date":"2026-08-31T13:27:27","date_gmt":"2026-08-31T17:27:27","guid":{"rendered":"https:\/\/ssr.cl\/home\/?p=30751"},"modified":"2026-08-31T16:13:29","modified_gmt":"2026-08-31T20:13:29","slug":"2da-jornada-de-lideres-pastorales-2","status":"publish","type":"post","link":"https:\/\/ssr.cl\/home\/2da-jornada-de-lideres-pastorales-2\/","title":{"rendered":"2da Jornada de L\u00edderes Pastorales"},"content":{"rendered":"\n<p class=\"wp-block-paragraph\">64 estudiantes de ambas sedes se reunieron en Lo V\u00e1squez para vivir su 2da jornada de L\u00edderes Pastorales SSR, instancia que abarca la reflexi\u00f3n, convivencia, oraci\u00f3n y formaci\u00f3n en la fe.<\/p>\n\n\n\n<p class=\"wp-block-paragraph\">Bajo el lema \u201cMi br\u00fajula interior\u201d, el encuentro tuvo como eje el cultivo de la interioridad, invitando a los adolescentes a detenerse, mirar en su interior y reconocer aquellos valores, convicciones y experiencias que orientan sus decisiones y les ayudan a descubrir el sentido que desean dar a sus vidas.<\/p>\n\n\n\n<p class=\"wp-block-paragraph\">La jornada, organizada por el Depto de Pastoral, se desarroll\u00f3 en el marco de la invitaci\u00f3n del Papa Le\u00f3n XIV a \u201cdise\u00f1ar nuevos mapas de esperanza\u201d, propuesta que sirvi\u00f3 como punto de partida para reflexionar sobre la la importancia de conocerse, fortalecer la vida interior y aprender a discernir el mundo que presenta m\u00faltiples opciones y desaf\u00edos.<\/p>\n\n\n\n<p class=\"wp-block-paragraph\">Valoramos la entusiasta participaci\u00f3n de los 64 j\u00f3venes de ambas sedes, as\u00ed como tambi\u00e9n la labor del Departamento de Pastoral que permite que contemos con el regalo de estos j\u00f3venes que han comprendido que el liderazgo no s\u00f3lo es la capacidad de conducir grupos, sino la importancia de desarrollar la capacidad de escucha activa, la humildad, el servicio y ser una presencia justa y esperanzadora dentro de la comunidad educativa.<\/p>\n\n\n\n<figure class=\"wp-block-gallery has-nested-images columns-default is-cropped wp-block-gallery-1 is-layout-flex wp-block-gallery-is-layout-flex\">\n<figure class=\"wp-block-image size-large\"><img fetchpriority=\"high\" decoding=\"async\" width=\"1024\" height=\"768\" data-id=\"30752\" src=\"https:\/\/ssr.cl\/home\/wp-content\/uploads\/2026\/08\/Web-jornada-lideres-past-3-1024x768.jpeg\" alt=\"\" class=\"wp-image-30752\" srcset=\"https:\/\/ssr.cl\/home\/wp-content\/uploads\/2026\/08\/Web-jornada-lideres-past-3-1024x768.jpeg 1024w, https:\/\/ssr.cl\/home\/wp-content\/uploads\/2026\/08\/Web-jornada-lideres-past-3-300x225.jpeg 300w, https:\/\/ssr.cl\/home\/wp-content\/uploads\/2026\/08\/Web-jornada-lideres-past-3-768x576.jpeg 768w, https:\/\/ssr.cl\/home\/wp-content\/uploads\/2026\/08\/Web-jornada-lideres-past-3.jpeg 1200w\" sizes=\"(max-width: 1024px) 100vw, 1024px\" \/><\/figure>\n\n\n\n<figure class=\"wp-block-image size-large\"><img decoding=\"async\" width=\"1024\" height=\"768\" data-id=\"30753\" src=\"https:\/\/ssr.cl\/home\/wp-content\/uploads\/2026\/08\/Web-jornada-lideres-past-2-1024x768.jpeg\" alt=\"\" class=\"wp-image-30753\" srcset=\"https:\/\/ssr.cl\/home\/wp-content\/uploads\/2026\/08\/Web-jornada-lideres-past-2-1024x768.jpeg 1024w, https:\/\/ssr.cl\/home\/wp-content\/uploads\/2026\/08\/Web-jornada-lideres-past-2-300x225.jpeg 300w, https:\/\/ssr.cl\/home\/wp-content\/uploads\/2026\/08\/Web-jornada-lideres-past-2-768x576.jpeg 768w, https:\/\/ssr.cl\/home\/wp-content\/uploads\/2026\/08\/Web-jornada-lideres-past-2.jpeg 1200w\" sizes=\"(max-width: 1024px) 100vw, 1024px\" \/><\/figure>\n\n\n\n<figure class=\"wp-block-image size-large\"><img decoding=\"async\" width=\"1024\" height=\"768\" data-id=\"30754\" src=\"https:\/\/ssr.cl\/home\/wp-content\/uploads\/2026\/08\/Web-jornada-lideres-past-1-1024x768.jpeg\" alt=\"\" class=\"wp-image-30754\" srcset=\"https:\/\/ssr.cl\/home\/wp-content\/uploads\/2026\/08\/Web-jornada-lideres-past-1-1024x768.jpeg 1024w, https:\/\/ssr.cl\/home\/wp-content\/uploads\/2026\/08\/Web-jornada-lideres-past-1-300x225.jpeg 300w, https:\/\/ssr.cl\/home\/wp-content\/uploads\/2026\/08\/Web-jornada-lideres-past-1-768x576.jpeg 768w, https:\/\/ssr.cl\/home\/wp-content\/uploads\/2026\/08\/Web-jornada-lideres-past-1.jpeg 1200w\" sizes=\"(max-width: 1024px) 100vw, 1024px\" \/><\/figure>\n<\/figure>\n\n\n\n<p class=\"wp-block-paragraph\"><\/p>\n","protected":false},"excerpt":{"rendered":"<p>64 estudiantes de ambas sedes se reunieron en Lo V\u00e1squez para vivir su 2da jornada de L\u00edderes Pastorales SSR, instancia que abarca la reflexi\u00f3n, convivencia, oraci\u00f3n y formaci\u00f3n en la fe. Bajo el lema \u201cMi br\u00fajula interior\u201d, el encuentro tuvo como eje el cultivo de la interioridad, invitando a los adolescentes a detenerse, mirar en [&hellip;]<\/p>\n","protected":false},"author":4,"featured_media":30753,"comment_status":"open","ping_status":"open","sticky":false,"template":"","format":"standard","meta":{"footnotes":""},"categories":[52,63,65],"tags":[],"class_list":["post-30751","post","type-post","status-publish","format-standard","has-post-thumbnail","hentry","category-pastoral","category-formacion","category-lideres-cristianos"],"_links":{"self":[{"href":"https:\/\/ssr.cl\/home\/wp-json\/wp\/v2\/posts\/30751","targetHints":{"allow":["GET"]}}],"collection":[{"href":"https:\/\/ssr.cl\/home\/wp-json\/wp\/v2\/posts"}],"about":[{"href":"https:\/\/ssr.cl\/home\/wp-json\/wp\/v2\/types\/post"}],"author":[{"embeddable":true,"href":"https:\/\/ssr.cl\/home\/wp-json\/wp\/v2\/users\/4"}],"replies":[{"embeddable":true,"href":"https:\/\/ssr.cl\/home\/wp-json\/wp\/v2\/comments?post=30751"}],"version-history":[{"count":1,"href":"https:\/\/ssr.cl\/home\/wp-json\/wp\/v2\/posts\/30751\/revisions"}],"predecessor-version":[{"id":30755,"href":"https:\/\/ssr.cl\/home\/wp-json\/wp\/v2\/posts\/30751\/revisions\/30755"}],"wp:featuredmedia":[{"embeddable":true,"href":"https:\/\/ssr.cl\/home\/wp-json\/wp\/v2\/media\/30753"}],"wp:attachment":[{"href":"https:\/\/ssr.cl\/home\/wp-json\/wp\/v2\/media?parent=30751"}],"wp:term":[{"taxonomy":"category","embeddable":true,"href":"https:\/\/ssr.cl\/home\/wp-json\/wp\/v2\/categories?post=30751"},{"taxonomy":"post_tag","embeddable":true,"href":"https:\/\/ssr.cl\/home\/wp-json\/wp\/v2\/tags?post=30751"}],"curies":[{"name":"wp","href":"https:\/\/api.w.org\/{rel}","templated":true}]}}