{"id":30767,"date":"2026-08-31T15:42:07","date_gmt":"2026-08-31T19:42:07","guid":{"rendered":"https:\/\/ssr.cl\/home\/?p=30767"},"modified":"2026-08-31T15:42:09","modified_gmt":"2026-08-31T19:42:09","slug":"lideres-cristianos-cierran-mes-de-la-solidaridad-en-la-matriz","status":"publish","type":"post","link":"https:\/\/ssr.cl\/home\/lideres-cristianos-cierran-mes-de-la-solidaridad-en-la-matriz\/","title":{"rendered":"L\u00edderes Cristianos cierran Mes de la Solidaridad en La Matriz"},"content":{"rendered":"\n<p class=\"wp-block-paragraph\">Para cerrar este Mes de la Solidaridad nuestros L\u00edderes Cristianos lo hicieron poniendo en pr\u00e1ctica aquello que da verdadero sentido a este tiempo, aunque en realidad, es a nuestra vida: encontrarnos con el pr\u00f3jimo, acompa\u00f1arlo y servir, y qu\u00e9 mejor que hacerlo a trav\u00e9s de  una once recreativa con Personas Mayores de La Matriz de Valpara\u00edso. <\/p>\n\n\n\n<p class=\"wp-block-paragraph\"> Destacamos el compromiso y esp\u00edritu de servicio de nuestros jovenes, as\u00ed como la valiosa labor de los profesores Francisco Valdivieso y la profesora Lisette Figueroa, quienes los acompa\u00f1an y motivan a comprender que la solidaridad no se aprende, se vive y transforma en acciones concretas de cuidado hacia los dem\u00e1s y nuestro entorno. <\/p>\n\n\n\n<p class=\"wp-block-paragraph\">Una hermosa manera \u00e1rea agosto y recordar que el servicio es una acci\u00f3n a desarrollar durante todo el a\u00f1o. \u00a1Vamos con alegr\u00eda a servir!<\/p>\n\n\n\n<figure class=\"wp-block-gallery has-nested-images columns-default is-cropped wp-block-gallery-1 is-layout-flex wp-block-gallery-is-layout-flex\">\n<figure class=\"wp-block-image size-large\"><img fetchpriority=\"high\" decoding=\"async\" width=\"1024\" height=\"768\" data-id=\"30768\" src=\"https:\/\/ssr.cl\/home\/wp-content\/uploads\/2026\/08\/Web-La-Matriz-lideres-Xtianos-1-1024x768.jpg\" alt=\"\" class=\"wp-image-30768\" srcset=\"https:\/\/ssr.cl\/home\/wp-content\/uploads\/2026\/08\/Web-La-Matriz-lideres-Xtianos-1-1024x768.jpg 1024w, https:\/\/ssr.cl\/home\/wp-content\/uploads\/2026\/08\/Web-La-Matriz-lideres-Xtianos-1-300x225.jpg 300w, https:\/\/ssr.cl\/home\/wp-content\/uploads\/2026\/08\/Web-La-Matriz-lideres-Xtianos-1-768x576.jpg 768w, https:\/\/ssr.cl\/home\/wp-content\/uploads\/2026\/08\/Web-La-Matriz-lideres-Xtianos-1.jpg 1200w\" sizes=\"(max-width: 1024px) 100vw, 1024px\" \/><\/figure>\n\n\n\n<figure class=\"wp-block-image size-large\"><img decoding=\"async\" width=\"1024\" height=\"768\" data-id=\"30769\" src=\"https:\/\/ssr.cl\/home\/wp-content\/uploads\/2026\/08\/Web-La-Matriz-lideres-Xtianos-2-1024x768.jpg\" alt=\"\" class=\"wp-image-30769\" srcset=\"https:\/\/ssr.cl\/home\/wp-content\/uploads\/2026\/08\/Web-La-Matriz-lideres-Xtianos-2-1024x768.jpg 1024w, https:\/\/ssr.cl\/home\/wp-content\/uploads\/2026\/08\/Web-La-Matriz-lideres-Xtianos-2-300x225.jpg 300w, https:\/\/ssr.cl\/home\/wp-content\/uploads\/2026\/08\/Web-La-Matriz-lideres-Xtianos-2-768x576.jpg 768w, https:\/\/ssr.cl\/home\/wp-content\/uploads\/2026\/08\/Web-La-Matriz-lideres-Xtianos-2.jpg 1200w\" sizes=\"(max-width: 1024px) 100vw, 1024px\" \/><\/figure>\n<\/figure>\n","protected":false},"excerpt":{"rendered":"<p>Para cerrar este Mes de la Solidaridad nuestros L\u00edderes Cristianos lo hicieron poniendo en pr\u00e1ctica aquello que da verdadero sentido a este tiempo, aunque en realidad, es a nuestra vida: encontrarnos con el pr\u00f3jimo, acompa\u00f1arlo y servir, y qu\u00e9 mejor que hacerlo a trav\u00e9s de una once recreativa con Personas Mayores de La Matriz de [&hellip;]<\/p>\n","protected":false},"author":4,"featured_media":30768,"comment_status":"open","ping_status":"open","sticky":false,"template":"","format":"standard","meta":{"footnotes":""},"categories":[52,57],"tags":[],"class_list":["post-30767","post","type-post","status-publish","format-standard","has-post-thumbnail","hentry","category-pastoral","category-solidaridad"],"_links":{"self":[{"href":"https:\/\/ssr.cl\/home\/wp-json\/wp\/v2\/posts\/30767","targetHints":{"allow":["GET"]}}],"collection":[{"href":"https:\/\/ssr.cl\/home\/wp-json\/wp\/v2\/posts"}],"about":[{"href":"https:\/\/ssr.cl\/home\/wp-json\/wp\/v2\/types\/post"}],"author":[{"embeddable":true,"href":"https:\/\/ssr.cl\/home\/wp-json\/wp\/v2\/users\/4"}],"replies":[{"embeddable":true,"href":"https:\/\/ssr.cl\/home\/wp-json\/wp\/v2\/comments?post=30767"}],"version-history":[{"count":1,"href":"https:\/\/ssr.cl\/home\/wp-json\/wp\/v2\/posts\/30767\/revisions"}],"predecessor-version":[{"id":30770,"href":"https:\/\/ssr.cl\/home\/wp-json\/wp\/v2\/posts\/30767\/revisions\/30770"}],"wp:featuredmedia":[{"embeddable":true,"href":"https:\/\/ssr.cl\/home\/wp-json\/wp\/v2\/media\/30768"}],"wp:attachment":[{"href":"https:\/\/ssr.cl\/home\/wp-json\/wp\/v2\/media?parent=30767"}],"wp:term":[{"taxonomy":"category","embeddable":true,"href":"https:\/\/ssr.cl\/home\/wp-json\/wp\/v2\/categories?post=30767"},{"taxonomy":"post_tag","embeddable":true,"href":"https:\/\/ssr.cl\/home\/wp-json\/wp\/v2\/tags?post=30767"}],"curies":[{"name":"wp","href":"https:\/\/api.w.org\/{rel}","templated":true}]}}