{"id":30775,"date":"2026-08-31T18:48:19","date_gmt":"2026-08-31T22:48:19","guid":{"rendered":"https:\/\/ssr.cl\/home\/?p=30775"},"modified":"2026-08-31T18:48:20","modified_gmt":"2026-08-31T22:48:20","slug":"deportistas-destacados-3","status":"publish","type":"post","link":"https:\/\/ssr.cl\/home\/deportistas-destacados-3\/","title":{"rendered":"Deportistas destacados"},"content":{"rendered":"\n<p class=\"wp-block-paragraph\">Nuestros estudiantes han tenido un desempe\u00f1o destacado en estas \u00faltimas semanas en sus distintas disciplinas deportivas. El s\u00e1bado pasado, el equipo de atletismo categor\u00eda \u00abCachorros\u00bb, obtuvo un satisfactorio rendimiento en un encuentro realizado en el Colegio Alem\u00e1n de Valpara\u00edso. Florencia Hirane, su entrenadora, manifest\u00f3 su satisfacci\u00f3n por los avances que van teniendo sesi\u00f3n tras sesi\u00f3n. Mientras que el viernes, integrantes del equipo de ajedrez del Colegio participaron en un Open desarrollado en la Escuela Alemania de la Ciudad Puerto. En la ocasi\u00f3n, en la categor\u00eda sub18 el colegio alcanz\u00f3 el 4to lugar, en sub14 los j\u00f3venes quedaron en 6to lugar de 24 equipos y en sub14 damas  las ni\u00f1as obtuvieron el 2do Lugar. Felicitamos a los profesores Constanza Araos (Valpara\u00edso) y Gustavo Alarc\u00f3n (Vi\u00f1a del Mar).<\/p>\n\n\n\n<p class=\"wp-block-paragraph\">En lo que respecta a competencias externas al Colegio, destacamos a Dominga Egido, Catalina Vega y Constanza Vega, quienes juegan balonmano por el club Inter balonmano de Valparaiso. Las tres fueron seleccionadas para ir a un proceso nacional organizado por la federaci\u00f3n Chilena de Balonmano, con miras a la selecci\u00f3n categor\u00eda cadete femenino dentro de las j\u00f3venes deportistas que tienen proyecci\u00f3n y que han nacido entre 2012 y 2013, que se realiz\u00f3 la semana pasada en el centro de entrenamiento Ol\u00edmpico de Santiago.  <\/p>\n\n\n\n<p class=\"wp-block-paragraph\">Tambi\u00e9n destacamos a Elena Silva, quien logr\u00f3 un destacado 2\u00b0 lugar en el Campeonato Nacional de Duatl\u00f3n 2026, en la categor\u00eda 9 a 11 a\u00f1os. La competencia se desarroll\u00f3 en Talca, reuniendo a los mejores exponentes del duatl\u00f3n de nuestro pa\u00eds y definiendo a los campeones nacionales de esta exigente disciplina. El duatl\u00f3n combina running, ciclismo y nuevamente running, poniendo a prueba la velocidad, resistencia, concentraci\u00f3n y capacidad de cada deportista.<\/p>\n\n\n\n<p class=\"wp-block-paragraph\">Destacamos a todos y todas nuestras deportistas quienes dedican tiempo importante de su semana a una disciplina deportiva y fruto de su esfuerzo hoy celebramos sus frutos. Las y los instamos a seguir adelante y nunca perder de vista los valores que deben guiar toda disciplina y siempre respetarse en cualquier \u00e1mbito donde nos desenvolvamos. Que San Rafael siempre los acompa\u00f1e.<\/p>\n\n\n\n<figure class=\"wp-block-gallery has-nested-images columns-default is-cropped wp-block-gallery-1 is-layout-flex wp-block-gallery-is-layout-flex\">\n<figure class=\"wp-block-image size-large\"><img fetchpriority=\"high\" decoding=\"async\" width=\"1024\" height=\"768\" data-id=\"30776\" src=\"https:\/\/ssr.cl\/home\/wp-content\/uploads\/2026\/08\/1-2-1024x768.jpg\" alt=\"\" class=\"wp-image-30776\" srcset=\"https:\/\/ssr.cl\/home\/wp-content\/uploads\/2026\/08\/1-2-1024x768.jpg 1024w, https:\/\/ssr.cl\/home\/wp-content\/uploads\/2026\/08\/1-2-300x225.jpg 300w, https:\/\/ssr.cl\/home\/wp-content\/uploads\/2026\/08\/1-2-768x576.jpg 768w, https:\/\/ssr.cl\/home\/wp-content\/uploads\/2026\/08\/1-2.jpg 1200w\" sizes=\"(max-width: 1024px) 100vw, 1024px\" \/><\/figure>\n\n\n\n<figure class=\"wp-block-image size-large\"><img decoding=\"async\" width=\"1024\" height=\"768\" data-id=\"30777\" src=\"https:\/\/ssr.cl\/home\/wp-content\/uploads\/2026\/08\/2-2-1024x768.jpg\" alt=\"\" class=\"wp-image-30777\" srcset=\"https:\/\/ssr.cl\/home\/wp-content\/uploads\/2026\/08\/2-2-1024x768.jpg 1024w, https:\/\/ssr.cl\/home\/wp-content\/uploads\/2026\/08\/2-2-300x225.jpg 300w, https:\/\/ssr.cl\/home\/wp-content\/uploads\/2026\/08\/2-2-768x576.jpg 768w, https:\/\/ssr.cl\/home\/wp-content\/uploads\/2026\/08\/2-2.jpg 1200w\" sizes=\"(max-width: 1024px) 100vw, 1024px\" \/><\/figure>\n<\/figure>\n\n\n\n<p class=\"wp-block-paragraph\">Finalmente mencionamos a Rafaella Crino, de 1\u00b0 B, quien obtuvo un 2do lugar en el Torneo de Karate Zona Centro KWU, organizado por Dojo Dageki, que est\u00e1 dentro del circuito de karate de contacto de Kwu Senshi y la Federaci\u00f3n Chilena de Karate de Contacto. <\/p>\n\n\n\n<p class=\"wp-block-paragraph\"><\/p>\n","protected":false},"excerpt":{"rendered":"<p>Nuestros estudiantes han tenido un desempe\u00f1o destacado en estas \u00faltimas semanas en sus distintas disciplinas deportivas. El s\u00e1bado pasado, el equipo de atletismo categor\u00eda \u00abCachorros\u00bb, obtuvo un satisfactorio rendimiento en un encuentro realizado en el Colegio Alem\u00e1n de Valpara\u00edso. Florencia Hirane, su entrenadora, manifest\u00f3 su satisfacci\u00f3n por los avances que van teniendo sesi\u00f3n tras sesi\u00f3n. [&hellip;]<\/p>\n","protected":false},"author":4,"featured_media":30777,"comment_status":"open","ping_status":"open","sticky":false,"template":"","format":"standard","meta":{"footnotes":""},"categories":[75],"tags":[],"class_list":["post-30775","post","type-post","status-publish","format-standard","has-post-thumbnail","hentry","category-area-academica"],"_links":{"self":[{"href":"https:\/\/ssr.cl\/home\/wp-json\/wp\/v2\/posts\/30775","targetHints":{"allow":["GET"]}}],"collection":[{"href":"https:\/\/ssr.cl\/home\/wp-json\/wp\/v2\/posts"}],"about":[{"href":"https:\/\/ssr.cl\/home\/wp-json\/wp\/v2\/types\/post"}],"author":[{"embeddable":true,"href":"https:\/\/ssr.cl\/home\/wp-json\/wp\/v2\/users\/4"}],"replies":[{"embeddable":true,"href":"https:\/\/ssr.cl\/home\/wp-json\/wp\/v2\/comments?post=30775"}],"version-history":[{"count":1,"href":"https:\/\/ssr.cl\/home\/wp-json\/wp\/v2\/posts\/30775\/revisions"}],"predecessor-version":[{"id":30778,"href":"https:\/\/ssr.cl\/home\/wp-json\/wp\/v2\/posts\/30775\/revisions\/30778"}],"wp:featuredmedia":[{"embeddable":true,"href":"https:\/\/ssr.cl\/home\/wp-json\/wp\/v2\/media\/30777"}],"wp:attachment":[{"href":"https:\/\/ssr.cl\/home\/wp-json\/wp\/v2\/media?parent=30775"}],"wp:term":[{"taxonomy":"category","embeddable":true,"href":"https:\/\/ssr.cl\/home\/wp-json\/wp\/v2\/categories?post=30775"},{"taxonomy":"post_tag","embeddable":true,"href":"https:\/\/ssr.cl\/home\/wp-json\/wp\/v2\/tags?post=30775"}],"curies":[{"name":"wp","href":"https:\/\/api.w.org\/{rel}","templated":true}]}}