{"id":30779,"date":"2026-09-01T10:04:21","date_gmt":"2026-09-01T14:04:21","guid":{"rendered":"https:\/\/ssr.cl\/home\/?p=30779"},"modified":"2026-09-01T10:58:36","modified_gmt":"2026-09-01T14:58:36","slug":"30779-2","status":"publish","type":"post","link":"https:\/\/ssr.cl\/home\/30779-2\/","title":{"rendered":"Primera donaci\u00f3n de tapitas a Damas de Caf\u00e9"},"content":{"rendered":"\n<p class=\"wp-block-paragraph\">En el Museo Mar\u00edtimo Nacional de Playa Ancha, ayer   La encargada del Proyecto de Educaci\u00f3n Ambiental de la sede de Valpara\u00edso, profesora Marianela P\u00e9rez, hizo entrega de las tapitas recolectadas en la campa\u00f1a anual de apoyo a las Damas de Caf\u00e9. La iniciativa busca colaborar con esta agrupaci\u00f3n que trabaja por los ni\u00f1os enfermos de c\u00e1ncer.<\/p>\n\n\n\n<p class=\"wp-block-paragraph\">Mar\u00eda Jos\u00e9 Milla, Encargada de Extensi\u00f3n del Museo, fue quien recibi\u00f3 la donaci\u00f3n en representaci\u00f3n de las Damas de Caf\u00e9, agradeciendo la iniciativa impulsada en la sede que dio muy buenos frutos.<\/p>\n\n\n\n<p class=\"wp-block-paragraph\">Felicitamos a todos quienes colaboraron para que esta campa\u00f1a pueda llevarse a cabo. Tapas de bebida que son consideradas desechos hoy cobran valor e ir\u00e1n en beneficio de una noble causa. Invitamos a todos a seguir reciclando, reutilizando objetos para evitar el aumento en la producci\u00f3n de desechos.<\/p>\n\n\n\n<p class=\"wp-block-paragraph\">La campa\u00f1a sigue hasta fin de a\u00f1o; cuidemos nuestra Casa Com\u00fan. \u00a1S\u00famate!<\/p>\n\n\n\n<figure class=\"wp-block-image size-large\"><img fetchpriority=\"high\" decoding=\"async\" width=\"1024\" height=\"768\" src=\"https:\/\/ssr.cl\/home\/wp-content\/uploads\/2026\/09\/Untitled-design-1-1024x768.jpeg\" alt=\"\" class=\"wp-image-30781\" srcset=\"https:\/\/ssr.cl\/home\/wp-content\/uploads\/2026\/09\/Untitled-design-1-1024x768.jpeg 1024w, https:\/\/ssr.cl\/home\/wp-content\/uploads\/2026\/09\/Untitled-design-1-300x225.jpeg 300w, https:\/\/ssr.cl\/home\/wp-content\/uploads\/2026\/09\/Untitled-design-1-768x576.jpeg 768w, https:\/\/ssr.cl\/home\/wp-content\/uploads\/2026\/09\/Untitled-design-1.jpeg 1200w\" sizes=\"(max-width: 1024px) 100vw, 1024px\" \/><\/figure>\n\n\n\n<p class=\"wp-block-paragraph\"><\/p>\n\n\n\n<p class=\"wp-block-paragraph\"><\/p>\n\n\n\n<p class=\"wp-block-paragraph\"><\/p>\n\n\n\n<p class=\"wp-block-paragraph\"><\/p>\n\n\n\n<p class=\"wp-block-paragraph\"><\/p>\n\n\n\n<p class=\"wp-block-paragraph\"><\/p>\n","protected":false},"excerpt":{"rendered":"<p>En el Museo Mar\u00edtimo Nacional de Playa Ancha, ayer La encargada del Proyecto de Educaci\u00f3n Ambiental de la sede de Valpara\u00edso, profesora Marianela P\u00e9rez, hizo entrega de las tapitas recolectadas en la campa\u00f1a anual de apoyo a las Damas de Caf\u00e9. La iniciativa busca colaborar con esta agrupaci\u00f3n que trabaja por los ni\u00f1os enfermos de [&hellip;]<\/p>\n","protected":false},"author":4,"featured_media":30780,"comment_status":"open","ping_status":"open","sticky":false,"template":"","format":"standard","meta":{"footnotes":""},"categories":[73],"tags":[],"class_list":["post-30779","post","type-post","status-publish","format-standard","has-post-thumbnail","hentry","category-educacion-ambiental"],"_links":{"self":[{"href":"https:\/\/ssr.cl\/home\/wp-json\/wp\/v2\/posts\/30779","targetHints":{"allow":["GET"]}}],"collection":[{"href":"https:\/\/ssr.cl\/home\/wp-json\/wp\/v2\/posts"}],"about":[{"href":"https:\/\/ssr.cl\/home\/wp-json\/wp\/v2\/types\/post"}],"author":[{"embeddable":true,"href":"https:\/\/ssr.cl\/home\/wp-json\/wp\/v2\/users\/4"}],"replies":[{"embeddable":true,"href":"https:\/\/ssr.cl\/home\/wp-json\/wp\/v2\/comments?post=30779"}],"version-history":[{"count":2,"href":"https:\/\/ssr.cl\/home\/wp-json\/wp\/v2\/posts\/30779\/revisions"}],"predecessor-version":[{"id":30784,"href":"https:\/\/ssr.cl\/home\/wp-json\/wp\/v2\/posts\/30779\/revisions\/30784"}],"wp:featuredmedia":[{"embeddable":true,"href":"https:\/\/ssr.cl\/home\/wp-json\/wp\/v2\/media\/30780"}],"wp:attachment":[{"href":"https:\/\/ssr.cl\/home\/wp-json\/wp\/v2\/media?parent=30779"}],"wp:term":[{"taxonomy":"category","embeddable":true,"href":"https:\/\/ssr.cl\/home\/wp-json\/wp\/v2\/categories?post=30779"},{"taxonomy":"post_tag","embeddable":true,"href":"https:\/\/ssr.cl\/home\/wp-json\/wp\/v2\/tags?post=30779"}],"curies":[{"name":"wp","href":"https:\/\/api.w.org\/{rel}","templated":true}]}}