{"id":30793,"date":"2026-09-01T11:32:47","date_gmt":"2026-09-01T15:32:47","guid":{"rendered":"https:\/\/ssr.cl\/home\/?p=30793"},"modified":"2026-09-01T17:01:30","modified_gmt":"2026-09-01T21:01:30","slug":"30793-2","status":"publish","type":"post","link":"https:\/\/ssr.cl\/home\/30793-2\/","title":{"rendered":"Alumnos asisten a Math Rock Fest"},"content":{"rendered":"\n<p class=\"wp-block-paragraph\">una entretenida y enriquecedora experiencia vivieron los estudiantes del electivo de \u201cL\u00edmites, Derivadas e Integrales, quienes, acompa\u00f1ados por su profesora Mar\u00eda Jos\u00e9 Contreras, participaron el viernes pasado en Math Rock Fest 2026.<\/p>\n\n\n\n<p class=\"wp-block-paragraph\">El evento internacional cerr\u00f3 su gira en nuestro pa\u00eds en el Instituto de Matem\u00e1ticas de la PUcV, reuniendo a reconocidos divulgadores de la disciplina como Profe Alex (@matematicasprofealex), Julio Profe (@julioprofenet) y Profe John Math Rocks (@themathrocks)<\/p>\n\n\n\n<p class=\"wp-block-paragraph\">durante la jornada nuestros j\u00f3venes participaron en un panel de conversaci\u00f3n, donde pudieron conocer experiencias y desaf\u00edos de estos destacados exponentes de las Matem\u00e1ticas. adem\u00e1s se realiz\u00f3 un torneo de c\u00e1lculos, ocasi\u00f3n en que nuestra profesora Mar\u00eda Jos\u00e9 Contreras particip\u00f3 y obtuvo un premio, demostrando la gran calidad de docentes que tiene el colegio.<\/p>\n\n\n\n<p class=\"wp-block-paragraph\">la jornada culmin\u00f3 con firma de libros, aut\u00f3grafos y fotograf\u00edas. Agradecemos a Vinculaci\u00f3n con el Medio de la PUCV y al Instituto de Matem\u00e1ticas por el gran evento al cual fuimos invitados. Tambi\u00e9n reconocer la labor de la profesora Mar\u00eda Jos\u00e9 Contreras, quien motiva a nuestros estudiantes no s\u00f3lo a aprender Matem\u00e1ticas, sino que disfrutarla tanto dentro, como fuera del aula. \u00a1Felicitaciones!<\/p>\n\n\n\n<figure class=\"wp-block-image size-large\"><img fetchpriority=\"high\" decoding=\"async\" width=\"1024\" height=\"768\" src=\"https:\/\/ssr.cl\/home\/wp-content\/uploads\/2026\/09\/IMG_5519-1024x768.jpeg\" alt=\"\" class=\"wp-image-30794\" srcset=\"https:\/\/ssr.cl\/home\/wp-content\/uploads\/2026\/09\/IMG_5519-1024x768.jpeg 1024w, https:\/\/ssr.cl\/home\/wp-content\/uploads\/2026\/09\/IMG_5519-300x225.jpeg 300w, https:\/\/ssr.cl\/home\/wp-content\/uploads\/2026\/09\/IMG_5519-768x576.jpeg 768w, https:\/\/ssr.cl\/home\/wp-content\/uploads\/2026\/09\/IMG_5519.jpeg 1200w\" sizes=\"(max-width: 1024px) 100vw, 1024px\" \/><\/figure>\n\n\n\n<figure class=\"wp-block-image size-large\"><img decoding=\"async\" width=\"1024\" height=\"768\" src=\"https:\/\/ssr.cl\/home\/wp-content\/uploads\/2026\/09\/IMG_5520-1024x768.jpeg\" alt=\"\" class=\"wp-image-30795\" srcset=\"https:\/\/ssr.cl\/home\/wp-content\/uploads\/2026\/09\/IMG_5520-1024x768.jpeg 1024w, https:\/\/ssr.cl\/home\/wp-content\/uploads\/2026\/09\/IMG_5520-300x225.jpeg 300w, https:\/\/ssr.cl\/home\/wp-content\/uploads\/2026\/09\/IMG_5520-768x576.jpeg 768w, https:\/\/ssr.cl\/home\/wp-content\/uploads\/2026\/09\/IMG_5520.jpeg 1200w\" sizes=\"(max-width: 1024px) 100vw, 1024px\" \/><\/figure>\n","protected":false},"excerpt":{"rendered":"<p>una entretenida y enriquecedora experiencia vivieron los estudiantes del electivo de \u201cL\u00edmites, Derivadas e Integrales, quienes, acompa\u00f1ados por su profesora Mar\u00eda Jos\u00e9 Contreras, participaron el viernes pasado en Math Rock Fest 2026. El evento internacional cerr\u00f3 su gira en nuestro pa\u00eds en el Instituto de Matem\u00e1ticas de la PUcV, reuniendo a reconocidos divulgadores de la [&hellip;]<\/p>\n","protected":false},"author":4,"featured_media":30795,"comment_status":"open","ping_status":"open","sticky":false,"template":"","format":"standard","meta":{"footnotes":""},"categories":[75],"tags":[],"class_list":["post-30793","post","type-post","status-publish","format-standard","has-post-thumbnail","hentry","category-area-academica"],"_links":{"self":[{"href":"https:\/\/ssr.cl\/home\/wp-json\/wp\/v2\/posts\/30793","targetHints":{"allow":["GET"]}}],"collection":[{"href":"https:\/\/ssr.cl\/home\/wp-json\/wp\/v2\/posts"}],"about":[{"href":"https:\/\/ssr.cl\/home\/wp-json\/wp\/v2\/types\/post"}],"author":[{"embeddable":true,"href":"https:\/\/ssr.cl\/home\/wp-json\/wp\/v2\/users\/4"}],"replies":[{"embeddable":true,"href":"https:\/\/ssr.cl\/home\/wp-json\/wp\/v2\/comments?post=30793"}],"version-history":[{"count":2,"href":"https:\/\/ssr.cl\/home\/wp-json\/wp\/v2\/posts\/30793\/revisions"}],"predecessor-version":[{"id":30799,"href":"https:\/\/ssr.cl\/home\/wp-json\/wp\/v2\/posts\/30793\/revisions\/30799"}],"wp:featuredmedia":[{"embeddable":true,"href":"https:\/\/ssr.cl\/home\/wp-json\/wp\/v2\/media\/30795"}],"wp:attachment":[{"href":"https:\/\/ssr.cl\/home\/wp-json\/wp\/v2\/media?parent=30793"}],"wp:term":[{"taxonomy":"category","embeddable":true,"href":"https:\/\/ssr.cl\/home\/wp-json\/wp\/v2\/categories?post=30793"},{"taxonomy":"post_tag","embeddable":true,"href":"https:\/\/ssr.cl\/home\/wp-json\/wp\/v2\/tags?post=30793"}],"curies":[{"name":"wp","href":"https:\/\/api.w.org\/{rel}","templated":true}]}}