{"id":30800,"date":"2026-09-01T17:05:14","date_gmt":"2026-09-01T21:05:14","guid":{"rendered":"https:\/\/ssr.cl\/home\/?p=30800"},"modified":"2026-09-01T17:05:15","modified_gmt":"2026-09-01T21:05:15","slug":"gran-feria-de-humanidades-en-sede-de-valparaiso","status":"publish","type":"post","link":"https:\/\/ssr.cl\/home\/gran-feria-de-humanidades-en-sede-de-valparaiso\/","title":{"rendered":"Gran Feria de Humanidades en sede de Valpara\u00edso"},"content":{"rendered":"\n<p class=\"wp-block-paragraph\">Esta ma\u00f1ana, la sede de Valpara\u00edso vivi\u00f3 una nueva versi\u00f3n del <strong>Encuentro de Humanidades<\/strong>, instancia que reuni\u00f3 en una gran exposici\u00f3n los aprendizajes, proyectos y trabajos desarrollados por los estudiantes durante el a\u00f1o en las distintas disciplinas del \u00e1rea.<\/p>\n\n\n\n<p class=\"wp-block-paragraph\">La jornada integr\u00f3 las asignaturas de <strong>Lenguaje, Historia y Filosof\u00eda<\/strong>, junto a los electivos de <strong>Comprensi\u00f3n Hist\u00f3rica del Presente, Econom\u00eda y Sociedad, Lectura y Escritura Especializada, Seminario de Filosof\u00eda y Taller de Literatura<\/strong>. A ellos se sumaron stands de los talleres de <strong>Debate, Periodismo, Psicolog\u00eda, Mangas y C\u00f3mics y Poes\u00eda<\/strong>, dando cuenta de la diversidad de intereses y formas de expresi\u00f3n que convergen en las Humanidades.<\/p>\n\n\n\n<p class=\"wp-block-paragraph\">A trav\u00e9s de exposiciones y actividades interactivas, los estudiantes tuvieron la oportunidad de compartir con sus compa\u00f1eros parte del trabajo realizado durante el a\u00f1o, transform\u00e1ndose ellos mismos en protagonistas y mediadores de sus aprendizajes.<\/p>\n\n\n\n<p class=\"wp-block-paragraph\">Entre las propuestas que despertaron especial inter\u00e9s estuvieron los <strong>juegos de mesa creados por los propios j\u00f3venes para aprender y reforzar contenidos de distintas asignaturas<\/strong>, demostrando que el conocimiento tambi\u00e9n puede abordarse desde la creatividad, el juego y la colaboraci\u00f3n.<\/p>\n\n\n\n<p class=\"wp-block-paragraph\">Asimismo, se presentaron <strong>revistas especializadas elaboradas por los estudiantes<\/strong>, que abordaron tem\u00e1ticas tan diversas como filosof\u00eda, deporte, pol\u00edtica internacional e inteligencia artificial, entre otras materias de inter\u00e9s y actualidad.<\/p>\n\n\n\n<p class=\"wp-block-paragraph\">La jornada cont\u00f3 adem\u00e1s con la participaci\u00f3n de <strong>Francisca V\u00e1squez, exalumna del Colegio<\/strong>, quien regres\u00f3 a su antigua casa de estudios para compartir con los estudiantes su experiencia en torno a la carrera de Psicolog\u00eda. Su exposici\u00f3n despert\u00f3 gran inter\u00e9s entre los asistentes, quienes pudieron conocer m\u00e1s acerca de esta disciplina y resolver sus inquietudes.<\/p>\n\n\n\n<p class=\"wp-block-paragraph\">Como una forma de favorecer la bienvenida e integraci\u00f3n al ciclo, este a\u00f1o se incorpor\u00f3 tambi\u00e9n a los estudiantes de <strong>6\u00b0 B\u00e1sico<\/strong> al recorrido por la muestra, permiti\u00e9ndoles aproximarse a las experiencias y aprendizajes que encontrar\u00e1n durante los pr\u00f3ximos a\u00f1os.<\/p>\n\n\n\n<p class=\"wp-block-paragraph\">Un cap\u00edtulo especial de esta jornada lo protagonizaron las creadoras de <strong>Tobito<\/strong>, publicaci\u00f3n que hoy lanz\u00f3 oficialmente su primer ejemplar en la sede. Sus j\u00f3venes reporteras realizaron un verdadero trabajo de prensa en terreno, recorriendo la exposici\u00f3n y recogiendo las distintas experiencias que dieron vida al encuentro.<\/p>\n\n\n\n<p class=\"wp-block-paragraph\">Felicitamos a todos los profesores y profesoras del \u00e1rea por generar esta valiosa instancia de aprendizaje, reflexi\u00f3n y encuentro, as\u00ed como tambi\u00e9n a nuestros estudiantes por la calidad, creatividad y diversidad de los trabajos presentados.<\/p>\n\n\n\n<p class=\"wp-block-paragraph\">Y, por supuesto, deseamos mucho \u00e9xito a las y los reporteros de <strong>Tobito<\/strong> en esta nueva aventura period\u00edstica. Esperamos que este primer ejemplar sea el inicio de muchos n\u00fameros por venir.<\/p>\n\n\n\n<figure class=\"wp-block-gallery has-nested-images columns-default is-cropped wp-block-gallery-1 is-layout-flex wp-block-gallery-is-layout-flex\">\n<figure class=\"wp-block-image size-large\"><img fetchpriority=\"high\" decoding=\"async\" width=\"1024\" height=\"768\" data-id=\"30802\" src=\"https:\/\/ssr.cl\/home\/wp-content\/uploads\/2026\/09\/Web-feria-humanidades-3-1024x768.jpeg\" alt=\"\" class=\"wp-image-30802\" srcset=\"https:\/\/ssr.cl\/home\/wp-content\/uploads\/2026\/09\/Web-feria-humanidades-3-1024x768.jpeg 1024w, https:\/\/ssr.cl\/home\/wp-content\/uploads\/2026\/09\/Web-feria-humanidades-3-300x225.jpeg 300w, https:\/\/ssr.cl\/home\/wp-content\/uploads\/2026\/09\/Web-feria-humanidades-3-768x576.jpeg 768w, https:\/\/ssr.cl\/home\/wp-content\/uploads\/2026\/09\/Web-feria-humanidades-3.jpeg 1200w\" sizes=\"(max-width: 1024px) 100vw, 1024px\" \/><\/figure>\n\n\n\n<figure class=\"wp-block-image size-large\"><img decoding=\"async\" width=\"1024\" height=\"768\" data-id=\"30801\" src=\"https:\/\/ssr.cl\/home\/wp-content\/uploads\/2026\/09\/Web-feria-humanidades-2-1024x768.jpeg\" alt=\"\" class=\"wp-image-30801\" srcset=\"https:\/\/ssr.cl\/home\/wp-content\/uploads\/2026\/09\/Web-feria-humanidades-2-1024x768.jpeg 1024w, https:\/\/ssr.cl\/home\/wp-content\/uploads\/2026\/09\/Web-feria-humanidades-2-300x225.jpeg 300w, https:\/\/ssr.cl\/home\/wp-content\/uploads\/2026\/09\/Web-feria-humanidades-2-768x576.jpeg 768w, https:\/\/ssr.cl\/home\/wp-content\/uploads\/2026\/09\/Web-feria-humanidades-2.jpeg 1200w\" sizes=\"(max-width: 1024px) 100vw, 1024px\" \/><\/figure>\n\n\n\n<figure class=\"wp-block-image size-large\"><img decoding=\"async\" width=\"1024\" height=\"768\" data-id=\"30803\" src=\"https:\/\/ssr.cl\/home\/wp-content\/uploads\/2026\/09\/Web-feria-humanidades-1-1024x768.jpeg\" alt=\"\" class=\"wp-image-30803\" srcset=\"https:\/\/ssr.cl\/home\/wp-content\/uploads\/2026\/09\/Web-feria-humanidades-1-1024x768.jpeg 1024w, https:\/\/ssr.cl\/home\/wp-content\/uploads\/2026\/09\/Web-feria-humanidades-1-300x225.jpeg 300w, https:\/\/ssr.cl\/home\/wp-content\/uploads\/2026\/09\/Web-feria-humanidades-1-768x576.jpeg 768w, https:\/\/ssr.cl\/home\/wp-content\/uploads\/2026\/09\/Web-feria-humanidades-1.jpeg 1200w\" sizes=\"(max-width: 1024px) 100vw, 1024px\" \/><\/figure>\n<\/figure>\n","protected":false},"excerpt":{"rendered":"<p>Esta ma\u00f1ana, la sede de Valpara\u00edso vivi\u00f3 una nueva versi\u00f3n del Encuentro de Humanidades, instancia que reuni\u00f3 en una gran exposici\u00f3n los aprendizajes, proyectos y trabajos desarrollados por los estudiantes durante el a\u00f1o en las distintas disciplinas del \u00e1rea. La jornada integr\u00f3 las asignaturas de Lenguaje, Historia y Filosof\u00eda, junto a los electivos de Comprensi\u00f3n [&hellip;]<\/p>\n","protected":false},"author":4,"featured_media":30801,"comment_status":"open","ping_status":"open","sticky":false,"template":"","format":"standard","meta":{"footnotes":""},"categories":[75],"tags":[],"class_list":["post-30800","post","type-post","status-publish","format-standard","has-post-thumbnail","hentry","category-area-academica"],"_links":{"self":[{"href":"https:\/\/ssr.cl\/home\/wp-json\/wp\/v2\/posts\/30800","targetHints":{"allow":["GET"]}}],"collection":[{"href":"https:\/\/ssr.cl\/home\/wp-json\/wp\/v2\/posts"}],"about":[{"href":"https:\/\/ssr.cl\/home\/wp-json\/wp\/v2\/types\/post"}],"author":[{"embeddable":true,"href":"https:\/\/ssr.cl\/home\/wp-json\/wp\/v2\/users\/4"}],"replies":[{"embeddable":true,"href":"https:\/\/ssr.cl\/home\/wp-json\/wp\/v2\/comments?post=30800"}],"version-history":[{"count":1,"href":"https:\/\/ssr.cl\/home\/wp-json\/wp\/v2\/posts\/30800\/revisions"}],"predecessor-version":[{"id":30804,"href":"https:\/\/ssr.cl\/home\/wp-json\/wp\/v2\/posts\/30800\/revisions\/30804"}],"wp:featuredmedia":[{"embeddable":true,"href":"https:\/\/ssr.cl\/home\/wp-json\/wp\/v2\/media\/30801"}],"wp:attachment":[{"href":"https:\/\/ssr.cl\/home\/wp-json\/wp\/v2\/media?parent=30800"}],"wp:term":[{"taxonomy":"category","embeddable":true,"href":"https:\/\/ssr.cl\/home\/wp-json\/wp\/v2\/categories?post=30800"},{"taxonomy":"post_tag","embeddable":true,"href":"https:\/\/ssr.cl\/home\/wp-json\/wp\/v2\/tags?post=30800"}],"curies":[{"name":"wp","href":"https:\/\/api.w.org\/{rel}","templated":true}]}}