{"id":30812,"date":"2026-09-03T15:43:25","date_gmt":"2026-09-03T19:43:25","guid":{"rendered":"https:\/\/ssr.cl\/home\/?p=30812"},"modified":"2026-09-03T15:45:36","modified_gmt":"2026-09-03T19:45:36","slug":"lideres-cristianos-reciben-distintivo-en-significativa-liturgia","status":"publish","type":"post","link":"https:\/\/ssr.cl\/home\/lideres-cristianos-reciben-distintivo-en-significativa-liturgia\/","title":{"rendered":"L\u00edderes Cristianos reciben distintivo en significativa liturgia"},"content":{"rendered":"\n<p class=\"wp-block-paragraph\">Acompa\u00f1ados de sus padres, profesora jefe y compa\u00f1eros de curso, los estudiantes de 6B que pertenecen al movimiento Pastoral \u201cL\u00edderes Cristianos\u201d recibieron los signos distintivos de la agrupaci\u00f3n, en una significativa ceremonia realizada ayer mi\u00e9rcoles 2 de septiembre.<\/p>\n\n\n\n<p class=\"wp-block-paragraph\">Con la presencia del di\u00e1cono Luis Vergara, las profesoras y monitoras pastorales Lisstette Figueroa y Elizabeth Soto, los adolescentes fueron bendecidos y llamados a ser luz y sal en el mundo, s\u00edmbolos de la compa\u00f1\u00eda enriquecedora y el testimonio esperanzador de j\u00f3venes que siguen el ejemplo de Jes\u00fas.<\/p>\n\n\n\n<p class=\"wp-block-paragraph\">En la actualidad, esta agrupaci\u00f3n es muy apreciado en el colegio, ya que sus integrantes destacan por su labor de servicio, cordialidad y vida espiritual. Felicitamos con mucho cari\u00f1o a nuestros estudiantes por desempe\u00f1ar este rol con tanto entusiasmo, y a su profesora por animar y dar vida a este movimiento que ha marcado significativamente el coraz\u00f3n de tantos j\u00f3venes.<\/p>\n\n\n\n<figure class=\"wp-block-gallery has-nested-images columns-default is-cropped wp-block-gallery-1 is-layout-flex wp-block-gallery-is-layout-flex\">\n<figure class=\"wp-block-image size-large\"><img fetchpriority=\"high\" decoding=\"async\" width=\"1024\" height=\"768\" data-id=\"30816\" src=\"https:\/\/ssr.cl\/home\/wp-content\/uploads\/2026\/09\/Web-lideres-Xtianos-4-1024x768.jpeg\" alt=\"\" class=\"wp-image-30816\" srcset=\"https:\/\/ssr.cl\/home\/wp-content\/uploads\/2026\/09\/Web-lideres-Xtianos-4-1024x768.jpeg 1024w, https:\/\/ssr.cl\/home\/wp-content\/uploads\/2026\/09\/Web-lideres-Xtianos-4-300x225.jpeg 300w, https:\/\/ssr.cl\/home\/wp-content\/uploads\/2026\/09\/Web-lideres-Xtianos-4-768x576.jpeg 768w, https:\/\/ssr.cl\/home\/wp-content\/uploads\/2026\/09\/Web-lideres-Xtianos-4.jpeg 1200w\" sizes=\"(max-width: 1024px) 100vw, 1024px\" \/><\/figure>\n\n\n\n<figure class=\"wp-block-image size-large\"><img decoding=\"async\" width=\"1024\" height=\"768\" data-id=\"30817\" src=\"https:\/\/ssr.cl\/home\/wp-content\/uploads\/2026\/09\/Web-lideres-Xtianos-3-1024x768.jpeg\" alt=\"\" class=\"wp-image-30817\" srcset=\"https:\/\/ssr.cl\/home\/wp-content\/uploads\/2026\/09\/Web-lideres-Xtianos-3-1024x768.jpeg 1024w, https:\/\/ssr.cl\/home\/wp-content\/uploads\/2026\/09\/Web-lideres-Xtianos-3-300x225.jpeg 300w, https:\/\/ssr.cl\/home\/wp-content\/uploads\/2026\/09\/Web-lideres-Xtianos-3-768x576.jpeg 768w, https:\/\/ssr.cl\/home\/wp-content\/uploads\/2026\/09\/Web-lideres-Xtianos-3.jpeg 1200w\" sizes=\"(max-width: 1024px) 100vw, 1024px\" \/><\/figure>\n<\/figure>\n","protected":false},"excerpt":{"rendered":"<p>Acompa\u00f1ados de sus padres, profesora jefe y compa\u00f1eros de curso, los estudiantes de 6B que pertenecen al movimiento Pastoral \u201cL\u00edderes Cristianos\u201d recibieron los signos distintivos de la agrupaci\u00f3n, en una significativa ceremonia realizada ayer mi\u00e9rcoles 2 de septiembre. Con la presencia del di\u00e1cono Luis Vergara, las profesoras y monitoras pastorales Lisstette Figueroa y Elizabeth Soto, [&hellip;]<\/p>\n","protected":false},"author":4,"featured_media":30816,"comment_status":"open","ping_status":"open","sticky":false,"template":"","format":"standard","meta":{"footnotes":""},"categories":[52,65],"tags":[],"class_list":["post-30812","post","type-post","status-publish","format-standard","has-post-thumbnail","hentry","category-pastoral","category-lideres-cristianos"],"_links":{"self":[{"href":"https:\/\/ssr.cl\/home\/wp-json\/wp\/v2\/posts\/30812","targetHints":{"allow":["GET"]}}],"collection":[{"href":"https:\/\/ssr.cl\/home\/wp-json\/wp\/v2\/posts"}],"about":[{"href":"https:\/\/ssr.cl\/home\/wp-json\/wp\/v2\/types\/post"}],"author":[{"embeddable":true,"href":"https:\/\/ssr.cl\/home\/wp-json\/wp\/v2\/users\/4"}],"replies":[{"embeddable":true,"href":"https:\/\/ssr.cl\/home\/wp-json\/wp\/v2\/comments?post=30812"}],"version-history":[{"count":2,"href":"https:\/\/ssr.cl\/home\/wp-json\/wp\/v2\/posts\/30812\/revisions"}],"predecessor-version":[{"id":30819,"href":"https:\/\/ssr.cl\/home\/wp-json\/wp\/v2\/posts\/30812\/revisions\/30819"}],"wp:featuredmedia":[{"embeddable":true,"href":"https:\/\/ssr.cl\/home\/wp-json\/wp\/v2\/media\/30816"}],"wp:attachment":[{"href":"https:\/\/ssr.cl\/home\/wp-json\/wp\/v2\/media?parent=30812"}],"wp:term":[{"taxonomy":"category","embeddable":true,"href":"https:\/\/ssr.cl\/home\/wp-json\/wp\/v2\/categories?post=30812"},{"taxonomy":"post_tag","embeddable":true,"href":"https:\/\/ssr.cl\/home\/wp-json\/wp\/v2\/tags?post=30812"}],"curies":[{"name":"wp","href":"https:\/\/api.w.org\/{rel}","templated":true}]}}