{"id":30820,"date":"2026-09-04T10:19:31","date_gmt":"2026-09-04T14:19:31","guid":{"rendered":"https:\/\/ssr.cl\/home\/?p=30820"},"modified":"2026-09-04T13:57:06","modified_gmt":"2026-09-04T17:57:06","slug":"con-buena-convocatoria-se-desarrollo-taller-de-iniciacion-a-la-lectura","status":"publish","type":"post","link":"https:\/\/ssr.cl\/home\/con-buena-convocatoria-se-desarrollo-taller-de-iniciacion-a-la-lectura\/","title":{"rendered":"Con buena convocatoria se desarroll\u00f3 Taller de iniciaci\u00f3n a la lectura"},"content":{"rendered":"\n<p class=\"wp-block-paragraph\">En el Ciclo B\u00e1sico e Inicial de la sede de Vi\u00f1a del Mar, los apoderados tuvieron la posibilidad de participar en una experiencia piloto que busc\u00f3 entregar herramientas pr\u00e1cticas para apoyar el proceso de iniciaci\u00f3n a la lectura de los ni\u00f1os de PK a 4to b\u00e1sico.<\/p>\n\n\n\n<p class=\"wp-block-paragraph\">En la ocasi\u00f3n, acompa\u00f1ados de las educadoras de p\u00e1rvulo y profesoras del \u00e1rea, m\u00e1s la Educadora Diferencial, Marianella Ajuria, los apoderados primero vivenciaron c\u00f3mo sus hijos aprenden a leer y luego fueron desarrollando ejercicios que les permitir\u00e1n replicar la metodolog\u00eda utilizada en aula para avanzar con sus hijos en este hermoso desaf\u00edo de la lectura.<\/p>\n\n\n\n<p class=\"wp-block-paragraph\">Carolina Cham\u00e1s, directora de Ciclo B\u00e1sico manifest\u00f3 su satisfacci\u00f3n del resultado obtenido, ya que no s\u00f3lo hubo buena convocatoria, sino que los apoderados recibieron muy bien la iniciativa al contar con material pr\u00e1ctico, incluso unos para llevar a casa, con el fin de apoyar de manera efectiva y segura a los ni\u00f1os.<\/p>\n\n\n\n<p class=\"wp-block-paragraph\">Agradecemos a las profesoras por el gran trabajo realizado, a los apoderados por su compromiso y al Centro General de Padres por sumarse a la convocatoria y apoyar una iniciativa que refuerza la alianza casa &#8211; colegio en la formaci\u00f3n de los estudiantes. <br><\/p>\n\n\n\n<figure class=\"wp-block-image size-large\"><img fetchpriority=\"high\" decoding=\"async\" width=\"1024\" height=\"768\" src=\"https:\/\/ssr.cl\/home\/wp-content\/uploads\/2026\/09\/Web-taller-de-in-lect-1-1-1024x768.jpeg\" alt=\"\" class=\"wp-image-30825\" srcset=\"https:\/\/ssr.cl\/home\/wp-content\/uploads\/2026\/09\/Web-taller-de-in-lect-1-1-1024x768.jpeg 1024w, https:\/\/ssr.cl\/home\/wp-content\/uploads\/2026\/09\/Web-taller-de-in-lect-1-1-300x225.jpeg 300w, https:\/\/ssr.cl\/home\/wp-content\/uploads\/2026\/09\/Web-taller-de-in-lect-1-1-768x576.jpeg 768w, https:\/\/ssr.cl\/home\/wp-content\/uploads\/2026\/09\/Web-taller-de-in-lect-1-1.jpeg 1200w\" sizes=\"(max-width: 1024px) 100vw, 1024px\" \/><\/figure>\n\n\n\n<p class=\"wp-block-paragraph\"><br><\/p>\n\n\n\n<figure class=\"wp-block-image size-large\"><img decoding=\"async\" width=\"1024\" height=\"768\" src=\"https:\/\/ssr.cl\/home\/wp-content\/uploads\/2026\/09\/Web-taller-de-in-lect-3-1-1024x768.jpeg\" alt=\"\" class=\"wp-image-30826\" srcset=\"https:\/\/ssr.cl\/home\/wp-content\/uploads\/2026\/09\/Web-taller-de-in-lect-3-1-1024x768.jpeg 1024w, https:\/\/ssr.cl\/home\/wp-content\/uploads\/2026\/09\/Web-taller-de-in-lect-3-1-300x225.jpeg 300w, https:\/\/ssr.cl\/home\/wp-content\/uploads\/2026\/09\/Web-taller-de-in-lect-3-1-768x576.jpeg 768w, https:\/\/ssr.cl\/home\/wp-content\/uploads\/2026\/09\/Web-taller-de-in-lect-3-1.jpeg 1200w\" sizes=\"(max-width: 1024px) 100vw, 1024px\" \/><\/figure>\n\n\n\n<p class=\"wp-block-paragraph\"><br><\/p>\n","protected":false},"excerpt":{"rendered":"<p>En el Ciclo B\u00e1sico e Inicial de la sede de Vi\u00f1a del Mar, los apoderados tuvieron la posibilidad de participar en una experiencia piloto que busc\u00f3 entregar herramientas pr\u00e1cticas para apoyar el proceso de iniciaci\u00f3n a la lectura de los ni\u00f1os de PK a 4to b\u00e1sico. En la ocasi\u00f3n, acompa\u00f1ados de las educadoras de p\u00e1rvulo [&hellip;]<\/p>\n","protected":false},"author":4,"featured_media":30823,"comment_status":"open","ping_status":"open","sticky":false,"template":"","format":"standard","meta":{"footnotes":""},"categories":[75],"tags":[],"class_list":["post-30820","post","type-post","status-publish","format-standard","has-post-thumbnail","hentry","category-area-academica"],"_links":{"self":[{"href":"https:\/\/ssr.cl\/home\/wp-json\/wp\/v2\/posts\/30820","targetHints":{"allow":["GET"]}}],"collection":[{"href":"https:\/\/ssr.cl\/home\/wp-json\/wp\/v2\/posts"}],"about":[{"href":"https:\/\/ssr.cl\/home\/wp-json\/wp\/v2\/types\/post"}],"author":[{"embeddable":true,"href":"https:\/\/ssr.cl\/home\/wp-json\/wp\/v2\/users\/4"}],"replies":[{"embeddable":true,"href":"https:\/\/ssr.cl\/home\/wp-json\/wp\/v2\/comments?post=30820"}],"version-history":[{"count":2,"href":"https:\/\/ssr.cl\/home\/wp-json\/wp\/v2\/posts\/30820\/revisions"}],"predecessor-version":[{"id":30828,"href":"https:\/\/ssr.cl\/home\/wp-json\/wp\/v2\/posts\/30820\/revisions\/30828"}],"wp:featuredmedia":[{"embeddable":true,"href":"https:\/\/ssr.cl\/home\/wp-json\/wp\/v2\/media\/30823"}],"wp:attachment":[{"href":"https:\/\/ssr.cl\/home\/wp-json\/wp\/v2\/media?parent=30820"}],"wp:term":[{"taxonomy":"category","embeddable":true,"href":"https:\/\/ssr.cl\/home\/wp-json\/wp\/v2\/categories?post=30820"},{"taxonomy":"post_tag","embeddable":true,"href":"https:\/\/ssr.cl\/home\/wp-json\/wp\/v2\/tags?post=30820"}],"curies":[{"name":"wp","href":"https:\/\/api.w.org\/{rel}","templated":true}]}}