{"id":30829,"date":"2026-09-04T14:00:07","date_gmt":"2026-09-04T18:00:07","guid":{"rendered":"https:\/\/ssr.cl\/home\/?p=30829"},"modified":"2026-09-04T14:00:08","modified_gmt":"2026-09-04T18:00:08","slug":"entregan-alimentos-reunidos-en-campana-solidaria-de-vina-del-mar","status":"publish","type":"post","link":"https:\/\/ssr.cl\/home\/entregan-alimentos-reunidos-en-campana-solidaria-de-vina-del-mar\/","title":{"rendered":"Entregan alimentos reunidos en campa\u00f1a solidaria de Vi\u00f1a del Mar"},"content":{"rendered":"\n<p class=\"wp-block-paragraph\">Con \u00e9xito finaliz\u00f3 la campa\u00f1a solidaria, \u201cPuentes de fraternidad\u201d, impulsada por el Departamento de Pastoral durante en el mes de agosto, en el contexto del Mes de la Solidaridad, la cual permiti\u00f3 reunir alimentos no perecibles para ser entregados posteriormente en la parroquia San Rafael, de Nueva Aurora y San Benito, de Chorrillos.<br>Ayer y hoy estudiantes de la catequesis, acompa\u00f1ados de su profesor, Antonio Bernal, visitaron ambos lugares, con el fin de hacer entrega de lo recopilado y conocer la situaci\u00f3n que hoy est\u00e1n viviendo los vecinos que est\u00e1n bajo su alero. Cabe destacar que la mayor\u00eda de los hogares beneficiarios corresponden a personas mayores, solas o familias cuyos integrantes llevan tiempo cesantes.<\/p>\n\n\n\n<p class=\"wp-block-paragraph\">Patricio Jeldres, animador de la pastoral solidaria de Nueva Aurora, quien ayer recibi\u00f3 a los j\u00f3venes, relat\u00f3 en la visita que la situaci\u00f3n econ\u00f3mica ha empeorado en este tiempo al punto que muchas veces, con el fin de poder ayudar a m\u00e1s familias, las bolsas de kilo de az\u00facar o los paquetes de t\u00e9 se tienen que dividir para poder alcanzar a cubrir las necesidades urgentes de los beneficiarios.<\/p>\n\n\n\n<p class=\"wp-block-paragraph\">Agradecemos a todos quienes se han sumado a esta iniciativa que va a beneficiar especialmente adultos mayores, quienes no tienen redes de apoyo, y podr\u00e1n contar con al menos una comida diaria. Destacamos el entusiasmo de los j\u00f3venes y los invitamos a continuar apoyando estas campa\u00f1as que benefician a las personas mayores que tan desvalidos se encuentran hoy en nuestro pa\u00eds.<\/p>\n\n\n\n<figure class=\"wp-block-gallery has-nested-images columns-default is-cropped wp-block-gallery-1 is-layout-flex wp-block-gallery-is-layout-flex\">\n<figure class=\"wp-block-image size-large\"><img fetchpriority=\"high\" decoding=\"async\" width=\"819\" height=\"1024\" data-id=\"30830\" src=\"https:\/\/ssr.cl\/home\/wp-content\/uploads\/2026\/09\/ITG-entrega-aliment-2-819x1024.jpeg\" alt=\"\" class=\"wp-image-30830\" srcset=\"https:\/\/ssr.cl\/home\/wp-content\/uploads\/2026\/09\/ITG-entrega-aliment-2-819x1024.jpeg 819w, https:\/\/ssr.cl\/home\/wp-content\/uploads\/2026\/09\/ITG-entrega-aliment-2-240x300.jpeg 240w, https:\/\/ssr.cl\/home\/wp-content\/uploads\/2026\/09\/ITG-entrega-aliment-2-768x960.jpeg 768w, https:\/\/ssr.cl\/home\/wp-content\/uploads\/2026\/09\/ITG-entrega-aliment-2.jpeg 1080w\" sizes=\"(max-width: 819px) 100vw, 819px\" \/><\/figure>\n\n\n\n<figure class=\"wp-block-image size-large\"><img decoding=\"async\" width=\"819\" height=\"1024\" data-id=\"30831\" src=\"https:\/\/ssr.cl\/home\/wp-content\/uploads\/2026\/09\/ITG-entrega-aliment-1-819x1024.jpeg\" alt=\"\" class=\"wp-image-30831\" srcset=\"https:\/\/ssr.cl\/home\/wp-content\/uploads\/2026\/09\/ITG-entrega-aliment-1-819x1024.jpeg 819w, https:\/\/ssr.cl\/home\/wp-content\/uploads\/2026\/09\/ITG-entrega-aliment-1-240x300.jpeg 240w, https:\/\/ssr.cl\/home\/wp-content\/uploads\/2026\/09\/ITG-entrega-aliment-1-768x960.jpeg 768w, https:\/\/ssr.cl\/home\/wp-content\/uploads\/2026\/09\/ITG-entrega-aliment-1.jpeg 1080w\" sizes=\"(max-width: 819px) 100vw, 819px\" \/><\/figure>\n<\/figure>\n","protected":false},"excerpt":{"rendered":"<p>Con \u00e9xito finaliz\u00f3 la campa\u00f1a solidaria, \u201cPuentes de fraternidad\u201d, impulsada por el Departamento de Pastoral durante en el mes de agosto, en el contexto del Mes de la Solidaridad, la cual permiti\u00f3 reunir alimentos no perecibles para ser entregados posteriormente en la parroquia San Rafael, de Nueva Aurora y San Benito, de Chorrillos.Ayer y hoy [&hellip;]<\/p>\n","protected":false},"author":4,"featured_media":30830,"comment_status":"open","ping_status":"open","sticky":false,"template":"","format":"standard","meta":{"footnotes":""},"categories":[52,59,57],"tags":[],"class_list":["post-30829","post","type-post","status-publish","format-standard","has-post-thumbnail","hentry","category-pastoral","category-campanas","category-solidaridad"],"_links":{"self":[{"href":"https:\/\/ssr.cl\/home\/wp-json\/wp\/v2\/posts\/30829","targetHints":{"allow":["GET"]}}],"collection":[{"href":"https:\/\/ssr.cl\/home\/wp-json\/wp\/v2\/posts"}],"about":[{"href":"https:\/\/ssr.cl\/home\/wp-json\/wp\/v2\/types\/post"}],"author":[{"embeddable":true,"href":"https:\/\/ssr.cl\/home\/wp-json\/wp\/v2\/users\/4"}],"replies":[{"embeddable":true,"href":"https:\/\/ssr.cl\/home\/wp-json\/wp\/v2\/comments?post=30829"}],"version-history":[{"count":1,"href":"https:\/\/ssr.cl\/home\/wp-json\/wp\/v2\/posts\/30829\/revisions"}],"predecessor-version":[{"id":30832,"href":"https:\/\/ssr.cl\/home\/wp-json\/wp\/v2\/posts\/30829\/revisions\/30832"}],"wp:featuredmedia":[{"embeddable":true,"href":"https:\/\/ssr.cl\/home\/wp-json\/wp\/v2\/media\/30830"}],"wp:attachment":[{"href":"https:\/\/ssr.cl\/home\/wp-json\/wp\/v2\/media?parent=30829"}],"wp:term":[{"taxonomy":"category","embeddable":true,"href":"https:\/\/ssr.cl\/home\/wp-json\/wp\/v2\/categories?post=30829"},{"taxonomy":"post_tag","embeddable":true,"href":"https:\/\/ssr.cl\/home\/wp-json\/wp\/v2\/tags?post=30829"}],"curies":[{"name":"wp","href":"https:\/\/api.w.org\/{rel}","templated":true}]}}